{"id":44531,"date":"2024-11-22T00:17:59","date_gmt":"2024-11-22T06:17:59","guid":{"rendered":"https:\/\/noticiasveracruz.com\/?p=44531"},"modified":"2024-11-21T22:38:30","modified_gmt":"2024-11-22T04:38:30","slug":"muere-el-panista-pedro-de-legarreta-al-ser-baleado-en-un-asalto-en-culiacan-sinaloa","status":"publish","type":"post","link":"https:\/\/noticiasveracruz.com\/index.php\/2024\/11\/22\/muere-el-panista-pedro-de-legarreta-al-ser-baleado-en-un-asalto-en-culiacan-sinaloa\/","title":{"rendered":"Muere el panista Pedro de Legarreta al ser baleado en un asalto en Culiac\u00e1n, Sinaloa"},"content":{"rendered":"<p><span style=\"font-size: 14pt;\">El\u00a0panista\u00a0sinaloense\u00a0Pedro de Legarreta Lores muri\u00f3\u00a0luego de haber sufrido un\u00a0atentado\u00a0durante un\u00a0asalto\u00a0ocurrido la noche del\u00a0mi\u00e9rcoles 20 de noviembre\u00a0en Culiac\u00e1n, Sinaloa.<\/span><\/p>\n<p><span style=\"font-size: 14pt;\">\u201cEl se\u00f1or Pedro de Legarreta, desafortunadamente muri\u00f3 en un asalto, le quisieron quitar el carro y lo balacearon, se lo llevaron al hospital, donde muri\u00f3\u201d, explic\u00f3\u00a0Roxana Rubio, diputada del\u00a0PAN.<\/span><\/p>\n<p><span style=\"font-size: 14pt;\">Desde\u00a0Acci\u00f3n Nacional, dijo, exigen\u00a0justicia\u00a0en favor de\u00a0Pedro de Legarreta, quien se hab\u00eda destacado por ser un militante\u00a0panista\u00a0desde hace a\u00f1os.<\/span><\/p>\n<p><span style=\"font-size: 14pt;\">\u201cExigimos de verdad desde el Partido Acci\u00f3n Nacional que se haga justicia, todos somos Pedro y s\u00ed, definitivamente ah\u00ed est\u00e1n las consecuencias\u201d, puntualiz\u00f3\u00a0Rubio.<\/span><\/p>\n<p><span style=\"font-size: 14pt;\">Indic\u00f3 que en el\u00a0PAN\u00a0se encuentran\u00a0asustados\u00a0y con\u00a0miedo\u00a0por la situaci\u00f3n que ocurre en la\u00a0capital del estado\u00a0y en\u00a0Sinaloa, y record\u00f3 que\u00a0Pedro\u00a0era un amigo\u00a0panista.<\/span><\/p>\n<p><span style=\"font-size: 14pt;\">\u201cEra gente de bien y le preguntamos al Gobierno del Estado qu\u00e9 m\u00e1s falta, necesitamos de verdad cosas concretas que se hagan en el robo de carros\u201d, detall\u00f3.<\/span><\/p>\n","protected":false},"excerpt":{"rendered":"<p>El\u00a0panista\u00a0sinaloense\u00a0Pedro de Legarreta Lores muri\u00f3\u00a0luego de haber sufrido un\u00a0atentado\u00a0durante un\u00a0asalto\u00a0ocurrido la noche del\u00a0mi\u00e9rcoles 20 de noviembre\u00a0en Culiac\u00e1n, Sinaloa. \u201cEl se\u00f1or Pedro de Legarreta, desafortunadamente muri\u00f3 en un asalto, le quisieron quitar el carro y lo balacearon, se lo llevaron al hospital, donde muri\u00f3\u201d, explic\u00f3\u00a0Roxana Rubio, diputada del\u00a0PAN. Desde\u00a0Acci\u00f3n Nacional, dijo, exigen\u00a0justicia\u00a0en favor de\u00a0Pedro de Legarreta, [&hellip;]<\/p>\n","protected":false},"author":4,"featured_media":44532,"comment_status":"closed","ping_status":"closed","sticky":false,"template":"","format":"standard","meta":{"_jetpack_newsletter_access":"","_jetpack_dont_email_post_to_subs":false,"_jetpack_newsletter_tier_id":0,"_jetpack_memberships_contains_paywalled_content":false,"_jetpack_feature_clip_id":0,"_jetpack_memberships_contains_paid_content":false,"footnotes":"","jetpack_publicize_message":"","jetpack_publicize_feature_enabled":true,"jetpack_social_post_already_shared":true,"jetpack_social_options":{"image_generator_settings":{"template":"highway","default_image_id":0,"font":"","enabled":false},"version":2},"jetpack_post_was_ever_published":false},"categories":[4],"tags":[],"class_list":["post-44531","post","type-post","status-publish","format-standard","has-post-thumbnail","hentry","category-nacional"],"jetpack_publicize_connections":[],"jetpack_sharing_enabled":true,"publishpress_future_action":{"enabled":false,"date":"2026-09-06 19:00:15","action":"change-status","newStatus":"draft","terms":[],"taxonomy":"category","extraData":[]},"publishpress_future_workflow_manual_trigger":{"enabledWorkflows":[]},"jetpack_featured_media_url":"https:\/\/noticiasveracruz.com\/wp-content\/uploads\/2024\/11\/asesinan-a-pedro-de-legarreta.jpg","_links":{"self":[{"href":"https:\/\/noticiasveracruz.com\/index.php\/wp-json\/wp\/v2\/posts\/44531","targetHints":{"allow":["GET"]}}],"collection":[{"href":"https:\/\/noticiasveracruz.com\/index.php\/wp-json\/wp\/v2\/posts"}],"about":[{"href":"https:\/\/noticiasveracruz.com\/index.php\/wp-json\/wp\/v2\/types\/post"}],"author":[{"embeddable":true,"href":"https:\/\/noticiasveracruz.com\/index.php\/wp-json\/wp\/v2\/users\/4"}],"replies":[{"embeddable":true,"href":"https:\/\/noticiasveracruz.com\/index.php\/wp-json\/wp\/v2\/comments?post=44531"}],"version-history":[{"count":0,"href":"https:\/\/noticiasveracruz.com\/index.php\/wp-json\/wp\/v2\/posts\/44531\/revisions"}],"wp:featuredmedia":[{"embeddable":true,"href":"https:\/\/noticiasveracruz.com\/index.php\/wp-json\/wp\/v2\/media\/44532"}],"wp:attachment":[{"href":"https:\/\/noticiasveracruz.com\/index.php\/wp-json\/wp\/v2\/media?parent=44531"}],"wp:term":[{"taxonomy":"category","embeddable":true,"href":"https:\/\/noticiasveracruz.com\/index.php\/wp-json\/wp\/v2\/categories?post=44531"},{"taxonomy":"post_tag","embeddable":true,"href":"https:\/\/noticiasveracruz.com\/index.php\/wp-json\/wp\/v2\/tags?post=44531"}],"curies":[{"name":"wp","href":"https:\/\/api.w.org\/{rel}","templated":true}]}}