{"id":44529,"date":"2024-11-22T00:16:12","date_gmt":"2024-11-22T06:16:12","guid":{"rendered":"https:\/\/noticiasveracruz.com\/?p=44529"},"modified":"2024-11-21T22:36:20","modified_gmt":"2024-11-22T04:36:20","slug":"eliminacion-de-fulles-elevaria-costos-logisticos-y-afectaria-comercio-exterior-advierte-amacarga","status":"publish","type":"post","link":"https:\/\/noticiasveracruz.com\/index.php\/2024\/11\/22\/eliminacion-de-fulles-elevaria-costos-logisticos-y-afectaria-comercio-exterior-advierte-amacarga\/","title":{"rendered":"Eliminaci\u00f3n de \u201cfulles\u201d elevar\u00eda costos log\u00edsticos y afectar\u00eda comercio exterior, advierte AMACARGA"},"content":{"rendered":"<p><span style=\"font-size: 14pt;\">La eventual aprobaci\u00f3n de la\u00a0iniciativa para eliminar los llamados \u00abfulles\u00bb\u00a0o camiones doble articulados provocar\u00eda un fuerte impacto en los costos de transportaci\u00f3n de mercanc\u00edas, que ya de por s\u00ed son muy elevados.<\/span><\/p>\n<p><span style=\"font-size: 14pt;\">As\u00ed lo alert\u00f3 el presidente de la\u00a0Asociaci\u00f3n Mexicana de Agentes de Carga, Juan Pablo Pacheco, quien destac\u00f3 que de aprobarse esta iniciativa, la industria del transporte de carga no tendr\u00e1 capacidad para aumentar el n\u00famero de camiones.<\/span><\/p>\n<p><span style=\"font-size: 14pt;\">Juan Pablo Pacheco, advirti\u00f3 que las iniciativas de ley que buscan eliminar la operaci\u00f3n de los camiones de doble articulaci\u00f3n conocidos como \u201cfulles\u201d, tendr\u00edan graves consecuencias para el comercio exterior del pa\u00eds en caso de ser aprobadas en el Congreso de la Uni\u00f3n.<\/span><\/p>\n<div id=\"standard_14\"><\/div>\n<p><span style=\"font-size: 14pt;\">\u201cNo hay condiciones para sustituir la desaparici\u00f3n de los camiones de doble remolque y habr\u00eda un fuerte impacto para los costos log\u00edsticos y de transporte de mercanc\u00edas que\u00a0de por s\u00ed ya son elevados\u201d destac\u00f3 el dirigente de AMACARGA<\/span><\/p>\n<p><span style=\"font-size: 14pt;\">Explic\u00f3 que en las actuales condiciones del pa\u00eds en donde hay un d\u00e9ficit de m\u00e1s de\u00a050 mil operadores\u00a0de camiones para el transporte p\u00fablico de carga, la eliminaci\u00f3n de los \u201cfulles\u201d se convertir\u00eda en un obst\u00e1culo para garantizar la movilidad de la carga hacia los principales puertos del pa\u00eds.<\/span><\/p>\n<p><span style=\"font-size: 14pt;\">Adem\u00e1s de esa problem\u00e1tica, incrementar el n\u00famero de tractocamiones para no afectar el traslado de las mercanc\u00edas tendr\u00eda consecuencias mayores para el tr\u00e1fico vehicular,\u00a0impacto en las emisiones de CO2 en el medio ambiente, un severo da\u00f1o para la carpeta asf\u00e1ltica en carreteras y autopistas e impactar\u00eda en el costo log\u00edstico en el traslado de las mercanc\u00edas, de acuerdo a las estimaciones de AMACARGA.<\/span><\/p>\n<p><span style=\"font-size: 14pt;\">Juan Pablo Pacheco explic\u00f3 que la opci\u00f3n del transporte ferroviario no resolver\u00eda el da\u00f1o en virtud de que el mayor movimiento de los trenes se da hacia la frontera norte para el mercado crossborder en Estados Unidos y no hacia los puertos mar\u00edtimos del pa\u00eds a donde arriba la mayor cantidad de productos de importaci\u00f3n y exportaci\u00f3n.<\/span><\/p>\n<p><span style=\"font-size: 14pt;\">El presidente de los agentes de carga dijo adem\u00e1s que la intenci\u00f3n de aumentar el movimiento de pasajeros por tren en un futuro pr\u00f3ximo, limitar\u00eda a\u00fan m\u00e1s el transporte de mercanc\u00edas por esta v\u00eda.<\/span><\/p>\n<p><span style=\"font-size: 14pt;\">La Asociaci\u00f3n Mexicana de Agentes de Carga extern\u00f3 la preocupaci\u00f3n de su gremio por estas iniciativas que adem\u00e1s podr\u00edan propiciar una competencia desleal, ya que una de las reformas busca permitir los camiones de doble remolque, \u00fanicamente para ser utilizados en veh\u00edculos oficiales, como es el caso de las \u201cpipas\u201d de Pemex u otros servicios oficiales.<\/span><\/p>\n","protected":false},"excerpt":{"rendered":"<p>La eventual aprobaci\u00f3n de la\u00a0iniciativa para eliminar los llamados \u00abfulles\u00bb\u00a0o camiones doble articulados provocar\u00eda un fuerte impacto en los costos<\/p>\n","protected":false},"author":4,"featured_media":44528,"comment_status":"closed","ping_status":"closed","sticky":false,"template":"","format":"standard","meta":{"colormag_page_container_layout":"default_layout","colormag_page_sidebar_layout":"default_layout","_jetpack_memberships_contains_paid_content":false,"footnotes":"","jetpack_publicize_message":"","jetpack_publicize_feature_enabled":true,"jetpack_social_post_already_shared":true,"jetpack_social_options":{"image_generator_settings":{"template":"highway","default_image_id":0,"font":"","enabled":false},"version":2}},"categories":[4],"tags":[],"class_list":["post-44529","post","type-post","status-publish","format-standard","has-post-thumbnail","hentry","category-nacional"],"jetpack_publicize_connections":[],"jetpack_featured_media_url":"https:\/\/noticiasveracruz.com\/wp-content\/uploads\/2024\/11\/trailers-LUIS-BARRERA-2.jpeg","jetpack_sharing_enabled":true,"publishpress_future_action":{"enabled":false,"date":"2026-05-10 03:43:21","action":"change-status","newStatus":"draft","terms":[],"taxonomy":"category","extraData":[]},"publishpress_future_workflow_manual_trigger":{"enabledWorkflows":[]},"_links":{"self":[{"href":"https:\/\/noticiasveracruz.com\/index.php\/wp-json\/wp\/v2\/posts\/44529","targetHints":{"allow":["GET"]}}],"collection":[{"href":"https:\/\/noticiasveracruz.com\/index.php\/wp-json\/wp\/v2\/posts"}],"about":[{"href":"https:\/\/noticiasveracruz.com\/index.php\/wp-json\/wp\/v2\/types\/post"}],"author":[{"embeddable":true,"href":"https:\/\/noticiasveracruz.com\/index.php\/wp-json\/wp\/v2\/users\/4"}],"replies":[{"embeddable":true,"href":"https:\/\/noticiasveracruz.com\/index.php\/wp-json\/wp\/v2\/comments?post=44529"}],"version-history":[{"count":0,"href":"https:\/\/noticiasveracruz.com\/index.php\/wp-json\/wp\/v2\/posts\/44529\/revisions"}],"wp:featuredmedia":[{"embeddable":true,"href":"https:\/\/noticiasveracruz.com\/index.php\/wp-json\/wp\/v2\/media\/44528"}],"wp:attachment":[{"href":"https:\/\/noticiasveracruz.com\/index.php\/wp-json\/wp\/v2\/media?parent=44529"}],"wp:term":[{"taxonomy":"category","embeddable":true,"href":"https:\/\/noticiasveracruz.com\/index.php\/wp-json\/wp\/v2\/categories?post=44529"},{"taxonomy":"post_tag","embeddable":true,"href":"https:\/\/noticiasveracruz.com\/index.php\/wp-json\/wp\/v2\/tags?post=44529"}],"curies":[{"name":"wp","href":"https:\/\/api.w.org\/{rel}","templated":true}]}}