{"id":44512,"date":"2024-11-22T00:11:00","date_gmt":"2024-11-22T06:11:00","guid":{"rendered":"https:\/\/noticiasveracruz.com\/?p=44512"},"modified":"2024-11-21T22:24:29","modified_gmt":"2024-11-22T04:24:29","slug":"en-rusia-legisladores-aprueban-aumento-del-gasto-en-defensa","status":"publish","type":"post","link":"https:\/\/noticiasveracruz.com\/index.php\/2024\/11\/22\/en-rusia-legisladores-aprueban-aumento-del-gasto-en-defensa\/","title":{"rendered":"En Rusia, legisladores aprueban aumento del gasto en defensa"},"content":{"rendered":"<p><span style=\"font-size: 14pt;\">Los legisladores rusos aprobaron ayer un aumento de casi 30% en el gasto de defensa, comprometiendo al pa\u00eds a realizar a\u00fan m\u00e1s desembolsos enormes el pr\u00f3ximo a\u00f1o en su ofensiva militar contra Ucrania.\u00a0<\/span><\/p>\n<p><span style=\"font-size: 14pt;\">Mosc\u00fa ya hab\u00eda incrementado el gasto militar a niveles no vistos desde la era sovi\u00e9tica, fabricando misiles y drones para disparar contra Ucrania y pagando salarios lucrativos a sus cientos de miles de soldados de primera l\u00ednea.<\/span><\/p>\n<p><span style=\"font-size: 14pt;\">Los legisladores de la C\u00e1mara Baja de la Duma Estatal votaron para aprobar el presupuesto.<\/span><\/p>\n<p><span style=\"font-size: 14pt;\">Vladimir Putin, presidente de Rusia, dijo a principios de este a\u00f1o que Mosc\u00fa ya estaba gastando cerca de 9% de su econom\u00eda en defensa y seguridad, el nivel m\u00e1s alto desde la Guerra Fr\u00eda.<\/span><\/p>\n","protected":false},"excerpt":{"rendered":"<p>Los legisladores rusos aprobaron ayer un aumento de casi 30% en el gasto de defensa, comprometiendo al pa\u00eds a realizar<\/p>\n","protected":false},"author":4,"featured_media":44513,"comment_status":"closed","ping_status":"closed","sticky":false,"template":"","format":"standard","meta":{"colormag_page_container_layout":"default_layout","colormag_page_sidebar_layout":"default_layout","_jetpack_memberships_contains_paid_content":false,"footnotes":"","jetpack_publicize_message":"","jetpack_publicize_feature_enabled":true,"jetpack_social_post_already_shared":true,"jetpack_social_options":{"image_generator_settings":{"template":"highway","default_image_id":0,"font":"","enabled":false},"version":2}},"categories":[1947],"tags":[],"class_list":["post-44512","post","type-post","status-publish","format-standard","has-post-thumbnail","hentry","category-economia"],"jetpack_publicize_connections":[],"jetpack_featured_media_url":"https:\/\/noticiasveracruz.com\/wp-content\/uploads\/2024\/11\/673ff8db1d4fd.jpeg","jetpack_sharing_enabled":true,"publishpress_future_action":{"enabled":false,"date":"2026-05-10 11:17:25","action":"change-status","newStatus":"draft","terms":[],"taxonomy":"category","extraData":[]},"publishpress_future_workflow_manual_trigger":{"enabledWorkflows":[]},"_links":{"self":[{"href":"https:\/\/noticiasveracruz.com\/index.php\/wp-json\/wp\/v2\/posts\/44512","targetHints":{"allow":["GET"]}}],"collection":[{"href":"https:\/\/noticiasveracruz.com\/index.php\/wp-json\/wp\/v2\/posts"}],"about":[{"href":"https:\/\/noticiasveracruz.com\/index.php\/wp-json\/wp\/v2\/types\/post"}],"author":[{"embeddable":true,"href":"https:\/\/noticiasveracruz.com\/index.php\/wp-json\/wp\/v2\/users\/4"}],"replies":[{"embeddable":true,"href":"https:\/\/noticiasveracruz.com\/index.php\/wp-json\/wp\/v2\/comments?post=44512"}],"version-history":[{"count":0,"href":"https:\/\/noticiasveracruz.com\/index.php\/wp-json\/wp\/v2\/posts\/44512\/revisions"}],"wp:featuredmedia":[{"embeddable":true,"href":"https:\/\/noticiasveracruz.com\/index.php\/wp-json\/wp\/v2\/media\/44513"}],"wp:attachment":[{"href":"https:\/\/noticiasveracruz.com\/index.php\/wp-json\/wp\/v2\/media?parent=44512"}],"wp:term":[{"taxonomy":"category","embeddable":true,"href":"https:\/\/noticiasveracruz.com\/index.php\/wp-json\/wp\/v2\/categories?post=44512"},{"taxonomy":"post_tag","embeddable":true,"href":"https:\/\/noticiasveracruz.com\/index.php\/wp-json\/wp\/v2\/tags?post=44512"}],"curies":[{"name":"wp","href":"https:\/\/api.w.org\/{rel}","templated":true}]}}