{"id":44500,"date":"2024-11-22T00:05:53","date_gmt":"2024-11-22T06:05:53","guid":{"rendered":"https:\/\/noticiasveracruz.com\/?p=44500"},"modified":"2024-11-21T22:07:13","modified_gmt":"2024-11-22T04:07:13","slug":"policia-de-brasil-presenta-cargos-contra-bolsonaro-por-intento-de-golpe-contra-lula","status":"publish","type":"post","link":"https:\/\/noticiasveracruz.com\/index.php\/2024\/11\/22\/policia-de-brasil-presenta-cargos-contra-bolsonaro-por-intento-de-golpe-contra-lula\/","title":{"rendered":"Polic\u00eda de Brasil presenta cargos contra Bolsonaro por intento de golpe contra Lula"},"content":{"rendered":"<p><span style=\"font-size: 14pt;\">La\u00a0Polic\u00eda Federal de Brasil\u00a0present\u00f3 este jueves un extenso informe en el que\u00a0acusa de intento de golpe,\u00a0asociaci\u00f3n il\u00edcita\u00a0y\u00a0abolici\u00f3n\u00a0violenta\u00a0del\u00a0Estado\u00a0democr\u00e1tico\u00a0a 37 personas, incluido el expresidente Jair Bolsonaro y algunos de sus exministros.<\/span><\/p>\n<p><span style=\"font-size: 14pt;\">Las\u00a0acusaciones\u00a0son resultado de una\u00a0investigaci\u00f3n\u00a0que comenz\u00f3 hace casi dos a\u00f1os\u00a0y est\u00e1\u00a0centrada en el convulsionado per\u00edodo en que se sumergi\u00f3 el pa\u00eds\u00a0tras las\u00a0elecciones de octubre de 2022, en las que el actual mandatario\u00a0Luiz In\u00e1cio Lula da Silva\u00a0derrot\u00f3 al entonces presidente Bolsonaro, quien no reconoci\u00f3 el resultado de las urnas.<\/span><\/p>\n<p><span style=\"font-size: 14pt;\">La\u00a0trama golpista\u00a0habr\u00eda estado destinada a\u00a0impedir la toma de posesi\u00f3n de Lula el 1 de enero de 2023,\u00a0intervenir\u00a0la justicia electoral\u00a0y\u00a0mantener a Bolsonaro en el poder.<\/span><\/p>\n","protected":false},"excerpt":{"rendered":"<p>La\u00a0Polic\u00eda Federal de Brasil\u00a0present\u00f3 este jueves un extenso informe en el que\u00a0acusa de intento de golpe,\u00a0asociaci\u00f3n il\u00edcita\u00a0y\u00a0abolici\u00f3n\u00a0violenta\u00a0del\u00a0Estado\u00a0democr\u00e1tico\u00a0a 37 personas, incluido<\/p>\n","protected":false},"author":4,"featured_media":44501,"comment_status":"closed","ping_status":"closed","sticky":false,"template":"","format":"standard","meta":{"colormag_page_container_layout":"default_layout","colormag_page_sidebar_layout":"default_layout","_jetpack_memberships_contains_paid_content":false,"footnotes":"","jetpack_publicize_message":"","jetpack_publicize_feature_enabled":true,"jetpack_social_post_already_shared":true,"jetpack_social_options":{"image_generator_settings":{"template":"highway","default_image_id":0,"font":"","enabled":false},"version":2}},"categories":[355],"tags":[],"class_list":["post-44500","post","type-post","status-publish","format-standard","has-post-thumbnail","hentry","category-internacional"],"jetpack_publicize_connections":[],"jetpack_featured_media_url":"https:\/\/noticiasveracruz.com\/wp-content\/uploads\/2024\/11\/Bolsonaro.png","jetpack_sharing_enabled":true,"publishpress_future_action":{"enabled":false,"date":"2026-05-10 06:41:13","action":"change-status","newStatus":"draft","terms":[],"taxonomy":"category","extraData":[]},"publishpress_future_workflow_manual_trigger":{"enabledWorkflows":[]},"_links":{"self":[{"href":"https:\/\/noticiasveracruz.com\/index.php\/wp-json\/wp\/v2\/posts\/44500","targetHints":{"allow":["GET"]}}],"collection":[{"href":"https:\/\/noticiasveracruz.com\/index.php\/wp-json\/wp\/v2\/posts"}],"about":[{"href":"https:\/\/noticiasveracruz.com\/index.php\/wp-json\/wp\/v2\/types\/post"}],"author":[{"embeddable":true,"href":"https:\/\/noticiasveracruz.com\/index.php\/wp-json\/wp\/v2\/users\/4"}],"replies":[{"embeddable":true,"href":"https:\/\/noticiasveracruz.com\/index.php\/wp-json\/wp\/v2\/comments?post=44500"}],"version-history":[{"count":0,"href":"https:\/\/noticiasveracruz.com\/index.php\/wp-json\/wp\/v2\/posts\/44500\/revisions"}],"wp:featuredmedia":[{"embeddable":true,"href":"https:\/\/noticiasveracruz.com\/index.php\/wp-json\/wp\/v2\/media\/44501"}],"wp:attachment":[{"href":"https:\/\/noticiasveracruz.com\/index.php\/wp-json\/wp\/v2\/media?parent=44500"}],"wp:term":[{"taxonomy":"category","embeddable":true,"href":"https:\/\/noticiasveracruz.com\/index.php\/wp-json\/wp\/v2\/categories?post=44500"},{"taxonomy":"post_tag","embeddable":true,"href":"https:\/\/noticiasveracruz.com\/index.php\/wp-json\/wp\/v2\/tags?post=44500"}],"curies":[{"name":"wp","href":"https:\/\/api.w.org\/{rel}","templated":true}]}}