{"id":4450,"date":"2022-05-18T17:01:14","date_gmt":"2022-05-18T22:01:14","guid":{"rendered":"https:\/\/noticiasveracruz.com\/?p=4450"},"modified":"2022-05-18T17:02:29","modified_gmt":"2022-05-18T22:02:29","slug":"proponen-reforma-constitucional-para-proteger-derechos-de-periodistas","status":"publish","type":"post","link":"https:\/\/noticiasveracruz.com\/index.php\/2022\/05\/18\/proponen-reforma-constitucional-para-proteger-derechos-de-periodistas\/","title":{"rendered":"Propone morenista reforma constitucional para proteger derechos de periodistas"},"content":{"rendered":"<p class=\"p1\"><span style=\"font-size: 14pt;\"><em><strong>Ciudad de M\u00e9xico.<\/strong> <\/em>Propuesta en la <strong>Comisi\u00f3n de Derecho Humanos\u00a0en la\u00a0C\u00e1mara de diputados<\/strong> se\u00a0acord\u00f3 impulsar una <strong>reforma constitucional<\/strong> para <strong>proteger y defender los derechos humanos de los\u00a0periodistas<\/strong> por los tres niveles de gobierno.<\/span><\/p>\n<p class=\"p1\"><span style=\"font-size: 18pt;\"><b>As\u00ed Nelly Carrasco <\/b><span style=\"font-size: 24px;\"><b>God\u00ednez<\/b><\/span><b>, diputada de Morena y presidenta de la comisi\u00f3n, entreg\u00f3 la iniciativa con la que se pretende que los gobiernos locales tendr\u00e1n que invertir recursos en la protecci\u00f3n de los derechos humanos de los activistas y comunicadores.<\/b><\/span><\/p>\n<blockquote>\n<p class=\"p1\"><span style=\"font-size: 14pt;\">\u201cEs una iniciativa que tiene que ver con el tema sensible de la\u00a0seguridad para las personas defensoras de derechos humanos y periodistas.\u00a0Necesitamos\u00a0coordinar los tres niveles de gobierno\u00a0porque lamentablemente en todos los estados de este pa\u00eds, todos los d\u00edas, se siguen violando los derechos humanos de estas personas\u201d, asever\u00f3.<\/span><\/p>\n<\/blockquote>\n<p>&nbsp;<\/p>\n<p><img loading=\"lazy\" decoding=\"async\" class=\"aligncenter wp-image-5470 size-large\" src=\"https:\/\/politicosaldesnudo.com.mx\/wp-content\/uploads\/2022\/05\/P-NELLYCARRASCO-1024x573.png\" alt=\"\" width=\"800\" height=\"448\" \/><\/p>\n<p>&nbsp;<\/p>\n<p class=\"p1\"><span style=\"font-size: 14pt;\">Asimismo Nelly Carrasco God\u00ednez reconoci\u00f3 que ser\u00e1 largo el camino para que la legislaci\u00f3n pueda ser una realidad, debido a que se tratar\u00eda de una modificaci\u00f3n a la constituci\u00f3n.<\/span><\/p>\n<blockquote>\n<p class=\"p1\"><span style=\"font-size: 14pt;\">\u201cPara que todos\u00a0los niveles de gobierno\u00a0hagan lo que les corresponde, no es un tema \u00fanicamente del gobierno federal, no podemos olvidar que hay estados y hay municipios involucrados, de viva voz los\u00a0exhortamos a que tomen el papel que est\u00e1n representando\u00a0y no dejemos solos a las y los periodistas\u201d, explic\u00f3 Carrasco.<\/span><\/p>\n<\/blockquote>\n<p class=\"p1\"><strong><span style=\"font-size: 18pt;\">En cuanto a las\u00a0m\u00e1s de 100 mil personas desaparecidas\u00a0y no localizadas desde el 15 de marzo de 1964 hasta el 16 de mayo de 2022, cifra que dio a conocer la\u00a0Comisi\u00f3n Nacional de B\u00fasqueda de la Secretar\u00eda de Gobernaci\u00f3n (Segob),\u00a0la diputada morenista sostuvo que se est\u00e1n tomando medidas para hacer frente a esta problem\u00e1tica nacional.<\/span><\/strong><\/p>\n<blockquote>\n<p class=\"p1\"><span style=\"font-size: 14pt;\">\u201cLamentablemente no podemos tapar el sol con un dedo, las cifras van en aumento, est\u00e1 por dem\u00e1s decir que ya tra\u00edamos una cifra muy amplia de gobiernos anteriores y por supuesto que estamos tomando medidas, entre ellas la creaci\u00f3n del centro nacional de identificaci\u00f3n humana para poder hacer la tarea en el tema. Hay mucho por hacer, pero estamos avanzando\u201d, asever\u00f3.<\/span><\/p>\n<\/blockquote>\n<p>&nbsp;<\/p>\n<p>&nbsp;<\/p>\n<p>&nbsp;<\/p>\n","protected":false},"excerpt":{"rendered":"<p>Ciudad de M\u00e9xico. Propuesta en la Comisi\u00f3n de Derecho Humanos\u00a0en la\u00a0C\u00e1mara de diputados se\u00a0acord\u00f3 impulsar una reforma constitucional para proteger<\/p>\n","protected":false},"author":4,"featured_media":4451,"comment_status":"closed","ping_status":"closed","sticky":false,"template":"","format":"standard","meta":{"colormag_page_container_layout":"default_layout","colormag_page_sidebar_layout":"default_layout","_jetpack_memberships_contains_paid_content":false,"footnotes":"","jetpack_publicize_message":"","jetpack_publicize_feature_enabled":true,"jetpack_social_post_already_shared":false,"jetpack_social_options":{"image_generator_settings":{"template":"highway","default_image_id":0,"font":"","enabled":false},"version":2}},"categories":[4],"tags":[725,217],"class_list":["post-4450","post","type-post","status-publish","format-standard","has-post-thumbnail","hentry","category-nacional","tag-nelly-carrasco","tag-periodistas"],"jetpack_publicize_connections":[],"jetpack_featured_media_url":"https:\/\/noticiasveracruz.com\/wp-content\/uploads\/2022\/05\/P-PERIODISTA.png","jetpack_sharing_enabled":true,"publishpress_future_action":{"enabled":false,"date":"2026-05-06 22:40:10","action":"change-status","newStatus":"draft","terms":[],"taxonomy":"category","extraData":[]},"publishpress_future_workflow_manual_trigger":{"enabledWorkflows":[]},"_links":{"self":[{"href":"https:\/\/noticiasveracruz.com\/index.php\/wp-json\/wp\/v2\/posts\/4450","targetHints":{"allow":["GET"]}}],"collection":[{"href":"https:\/\/noticiasveracruz.com\/index.php\/wp-json\/wp\/v2\/posts"}],"about":[{"href":"https:\/\/noticiasveracruz.com\/index.php\/wp-json\/wp\/v2\/types\/post"}],"author":[{"embeddable":true,"href":"https:\/\/noticiasveracruz.com\/index.php\/wp-json\/wp\/v2\/users\/4"}],"replies":[{"embeddable":true,"href":"https:\/\/noticiasveracruz.com\/index.php\/wp-json\/wp\/v2\/comments?post=4450"}],"version-history":[{"count":0,"href":"https:\/\/noticiasveracruz.com\/index.php\/wp-json\/wp\/v2\/posts\/4450\/revisions"}],"wp:featuredmedia":[{"embeddable":true,"href":"https:\/\/noticiasveracruz.com\/index.php\/wp-json\/wp\/v2\/media\/4451"}],"wp:attachment":[{"href":"https:\/\/noticiasveracruz.com\/index.php\/wp-json\/wp\/v2\/media?parent=4450"}],"wp:term":[{"taxonomy":"category","embeddable":true,"href":"https:\/\/noticiasveracruz.com\/index.php\/wp-json\/wp\/v2\/categories?post=4450"},{"taxonomy":"post_tag","embeddable":true,"href":"https:\/\/noticiasveracruz.com\/index.php\/wp-json\/wp\/v2\/tags?post=4450"}],"curies":[{"name":"wp","href":"https:\/\/api.w.org\/{rel}","templated":true}]}}