{"id":44497,"date":"2024-11-22T00:04:19","date_gmt":"2024-11-22T06:04:19","guid":{"rendered":"https:\/\/noticiasveracruz.com\/?p=44497"},"modified":"2024-11-21T22:05:16","modified_gmt":"2024-11-22T04:05:16","slug":"la-guerra-ya-es-mundial-asegura-putin","status":"publish","type":"post","link":"https:\/\/noticiasveracruz.com\/index.php\/2024\/11\/22\/la-guerra-ya-es-mundial-asegura-putin\/","title":{"rendered":"La guerra ya es mundial, asegura Putin"},"content":{"rendered":"<p><span style=\"font-size: 14pt;\">Vladimir Putin\u00a0consider\u00f3 este jueves que el\u00a0conflicto en Ucrania\u00a0cobr\u00f3 aspectos \u00abde car\u00e1cter mundial\u00bb, y no descart\u00f3 golpear a los pa\u00edses que suministraron a\u00a0Kiev\u00a0armas utilizadas recientemente contra el territorio de Rusia, que afirm\u00f3 est\u00e1 \u00ablista\u00bb para cualquier escenario.<\/span><\/p>\n<p><span style=\"font-size: 14pt;\">El\u00a0presidente ruso\u00a0tambi\u00e9n confirm\u00f3 que sus fuerzas atacaron\u00a0Ucrania\u00a0con un nuevo tipo de\u00a0misil bal\u00edstico\u00a0de medio alcance, despu\u00e9s de que se efectuara un disparo contra la ciudad de Dnipr\u00f3.<\/span><\/p>\n<p><span style=\"font-size: 14pt;\">El dirigente pronunci\u00f3 un discurso de menos de 10 minutos durante el cual denunci\u00f3 dos recientes bombardeos ucranianos contra territorio ruso con misiles estadounidenses ATACMS y brit\u00e1nicos Storm Shadow.<\/span><\/p>\n<p><span style=\"font-size: 14pt;\">\u00abDesde el momento [en que se dispararon estos misiles contra Rusia], y como hab\u00edamos indicado en reiteradas ocasiones [de antemano], el\u00a0conflicto\u00a0provocado por Occidente en Ucrania adquiri\u00f3 elementos de car\u00e1cter mundial\u00bb, declar\u00f3 Putin con un tono firme.<\/span><\/p>\n<p><span style=\"font-size: 14pt;\">Sin embargo, asegur\u00f3 que los dos ataques\u00a0ucranianos\u00a0contra instalaciones militares en las regiones rusas de Brians y\u00a0Kursk\u00a0fracasaron.<\/span><\/p>\n<p><span style=\"font-size: 14pt;\">\u00abNos consideramos con derecho a usar nuestras\u00a0armas\u00a0contra instalaciones\u00a0militares\u00a0de aquellos pa\u00edses que permitan usar sus armas contra nuestras instalaciones\u00bb, advirti\u00f3 Putin, agregando que Rusia \u00abresponder\u00e1 con igual determinaci\u00f3n\u00bb a cualquier \u00abescalada de acciones agresivas\u00bb.<\/span><\/p>\n<p><span style=\"font-size: 14pt;\">El dirigente anunci\u00f3 que en respuesta a los bombardeos con misiles occidentales, sus fuerzas dispararon el jueves contra Ucrania con un nuevo misil bal\u00edstico de medio alcance llamado \u00abOreshnik\u00bb.<\/span><\/p>\n<p><span style=\"font-size: 14pt;\">El\u00a0ataque\u00a0tuvo como objetivo \u00abun emplazamiento del complejo militar-industrial ucraniano\u00bb, afirm\u00f3.<\/span><\/p>\n<p><span style=\"font-size: 14pt;\">Ucrania\u00a0hab\u00eda informado previamente de un ataque con un misil desconocido contra la ciudad de Dnipr\u00f3, en el centro-este del pa\u00eds, sede del grupo Pivdenmash, que fabrica, entre otras cosas, componentes para misiles.<\/span><\/p>\n<p><span style=\"font-size: 14pt;\">Seg\u00fan Vladimir Putin, este nuevo misil hipers\u00f3nico es invencible.<\/span><\/p>\n<p><span style=\"font-size: 14pt;\">\u00abEn la actualidad no hay forma de contrarrestar este tipo de armas. Los misiles atacan objetivos a una velocidad de Mach 10, es decir, de 2,5 a 3 kil\u00f3metros por segundo. Los sistemas de defensa antia\u00e9rea actualmente disponibles en el mundo y los sistemas de defensa\u00a0antimisiles\u00a0creados por los estadounidenses en Europa no interceptan estos misiles\u00bb, asegur\u00f3.<\/span><\/p>\n<p><span style=\"font-size: 14pt;\">En plena escalada del\u00a0conflicto, el presidente declar\u00f3 adem\u00e1s que Rusia est\u00e1 preparada para cualquier escenario, tanto frente a\u00a0Ucrania\u00a0como frente a Occidente.<\/span><\/p>\n<p><span style=\"font-size: 14pt;\">\u00abSiempre hemos preferido, y estamos preparados, para resolver todas las cuestiones en disputa de manera pac\u00edfica, pero tambi\u00e9n estamos listos para cualquier evoluci\u00f3n de los acontecimientos. Si alguien lo duda, se equivoca. Siempre habr\u00e1 una respuesta\u00bb, advirti\u00f3.<\/span><\/p>\n","protected":false},"excerpt":{"rendered":"<p>Vladimir Putin\u00a0consider\u00f3 este jueves que el\u00a0conflicto en Ucrania\u00a0cobr\u00f3 aspectos \u00abde car\u00e1cter mundial\u00bb, y no descart\u00f3 golpear a los pa\u00edses que<\/p>\n","protected":false},"author":4,"featured_media":44498,"comment_status":"closed","ping_status":"closed","sticky":false,"template":"","format":"standard","meta":{"colormag_page_container_layout":"default_layout","colormag_page_sidebar_layout":"default_layout","_jetpack_memberships_contains_paid_content":false,"footnotes":"","jetpack_publicize_message":"","jetpack_publicize_feature_enabled":true,"jetpack_social_post_already_shared":true,"jetpack_social_options":{"image_generator_settings":{"template":"highway","default_image_id":0,"font":"","enabled":false},"version":2}},"categories":[355],"tags":[],"class_list":["post-44497","post","type-post","status-publish","format-standard","has-post-thumbnail","hentry","category-internacional"],"jetpack_publicize_connections":[],"jetpack_featured_media_url":"https:\/\/noticiasveracruz.com\/wp-content\/uploads\/2024\/11\/Vladimir-Putin-Ucrania-Rusia.png","jetpack_sharing_enabled":true,"publishpress_future_action":{"enabled":false,"date":"2026-05-10 03:43:42","action":"change-status","newStatus":"draft","terms":[],"taxonomy":"category","extraData":[]},"publishpress_future_workflow_manual_trigger":{"enabledWorkflows":[]},"_links":{"self":[{"href":"https:\/\/noticiasveracruz.com\/index.php\/wp-json\/wp\/v2\/posts\/44497","targetHints":{"allow":["GET"]}}],"collection":[{"href":"https:\/\/noticiasveracruz.com\/index.php\/wp-json\/wp\/v2\/posts"}],"about":[{"href":"https:\/\/noticiasveracruz.com\/index.php\/wp-json\/wp\/v2\/types\/post"}],"author":[{"embeddable":true,"href":"https:\/\/noticiasveracruz.com\/index.php\/wp-json\/wp\/v2\/users\/4"}],"replies":[{"embeddable":true,"href":"https:\/\/noticiasveracruz.com\/index.php\/wp-json\/wp\/v2\/comments?post=44497"}],"version-history":[{"count":0,"href":"https:\/\/noticiasveracruz.com\/index.php\/wp-json\/wp\/v2\/posts\/44497\/revisions"}],"wp:featuredmedia":[{"embeddable":true,"href":"https:\/\/noticiasveracruz.com\/index.php\/wp-json\/wp\/v2\/media\/44498"}],"wp:attachment":[{"href":"https:\/\/noticiasveracruz.com\/index.php\/wp-json\/wp\/v2\/media?parent=44497"}],"wp:term":[{"taxonomy":"category","embeddable":true,"href":"https:\/\/noticiasveracruz.com\/index.php\/wp-json\/wp\/v2\/categories?post=44497"},{"taxonomy":"post_tag","embeddable":true,"href":"https:\/\/noticiasveracruz.com\/index.php\/wp-json\/wp\/v2\/tags?post=44497"}],"curies":[{"name":"wp","href":"https:\/\/api.w.org\/{rel}","templated":true}]}}