{"id":44488,"date":"2024-11-22T00:01:35","date_gmt":"2024-11-22T06:01:35","guid":{"rendered":"https:\/\/noticiasveracruz.com\/?p=44488"},"modified":"2024-11-21T21:58:30","modified_gmt":"2024-11-22T03:58:30","slug":"sutsem-exige-pago-de-cuotas-de-jubilaciones","status":"publish","type":"post","link":"https:\/\/noticiasveracruz.com\/index.php\/2024\/11\/22\/sutsem-exige-pago-de-cuotas-de-jubilaciones\/","title":{"rendered":"SUTSEM exige pago de cuotas de jubilaciones"},"content":{"rendered":"<p><span style=\"font-size: 14pt;\">Integrantes del Sindicato \u00danico de Trabajadores al Servicio del Estado y Municipios (SUTSEM) en esta regi\u00f3n demandaron el pago de cuotas de jubilaciones y seguros institucionales a un promedio de 300 jubilados que desde hace m\u00e1s de 10 a\u00f1os no perciben esta prestaci\u00f3n, se\u00f1alando directamente a Francisco Enrique P\u00e9rez Carre\u00f3n, director del Seguro Social de los Trabajadores de la Educaci\u00f3n del Estado de Veracruz (SSTEV), de realizar presuntos malos manejos de las cuotas.<\/span><\/p>\n<p><span style=\"font-size: 14pt;\">En rueda de prensa informaron que el adeudo asciende a 1 mill\u00f3n de pesos; sin embargo, el dirigente del SSTEV se ha negado por completo a pagar este adeudo, pese a que este instituto ya recibi\u00f3 una partida presupuestal de 300 millones de pesos, seg\u00fan informa la maestra Ramona Rodr\u00edguez Chiquito, delegada regional del SUTSEM en Poza Rica.<\/span><\/p>\n<p><span style=\"font-size: 14pt;\">Explic\u00f3 que Francisco Enrique P\u00e9rez Carre\u00f3n argumenta que, con el presupuesto otorgado, solo se entregar\u00e1n recursos a 50 afectados, lo que representa un severo atropello al Contrato Colectivo de Trabajo del citado sindicato.<\/span><\/p>\n<p><span style=\"font-size: 14pt;\">Jes\u00fas Roberto Hern\u00e1ndez Monter, encargado del \u00e1rea de conflictos de la delegaci\u00f3n regional del SUTSEM en Poza Rica, asever\u00f3 que tambi\u00e9n se solicita la inmediata reinstalaci\u00f3n de nuestro compa\u00f1ero Ad\u00e1n Estuardo Ponce Zavaleta, as\u00ed como el pago total de sueldos y prestaciones a partir de la primera quincena de agosto de 2024 por despido injustificado y el cese total al hostigamiento que recibe por parte de las autoridades del SSTEEV.<\/span><\/p>\n<p><span style=\"font-size: 14pt;\">Tambi\u00e9n se exige un alto total al hostigamiento en contra de todos los trabajadores por parte de las jefaturas de \u00e1rea en donde labora cada uno de los miembros de la delegaci\u00f3n. Reconocimiento a la delegaci\u00f3n sindical, as\u00ed como las adhesiones subsecuentes que se han registrado tambi\u00e9n ante el tribunal estatal de conciliaci\u00f3n y arbitraje.<\/span><\/p>\n<p><span style=\"font-size: 14pt;\">Reconocimiento al derecho de proponer a un familiar en ausencia temporal o definitiva de un trabajador, tambi\u00e9n el pago de prestaciones que por derecho corresponde y que discriminatoriamente no se otorgan de manera igualitaria (bono de puntualidad, pagos que corresponden en efectivo dejen de ser en especie o vales), entre otras m\u00e1s.<\/span><\/p>\n","protected":false},"excerpt":{"rendered":"<p>Integrantes del Sindicato \u00danico de Trabajadores al Servicio del Estado y Municipios (SUTSEM) en esta regi\u00f3n demandaron el pago de<\/p>\n","protected":false},"author":4,"featured_media":44489,"comment_status":"closed","ping_status":"closed","sticky":false,"template":"","format":"standard","meta":{"colormag_page_container_layout":"default_layout","colormag_page_sidebar_layout":"default_layout","_jetpack_memberships_contains_paid_content":false,"footnotes":"","jetpack_publicize_message":"","jetpack_publicize_feature_enabled":true,"jetpack_social_post_already_shared":true,"jetpack_social_options":{"image_generator_settings":{"template":"highway","default_image_id":0,"font":"","enabled":false},"version":2}},"categories":[356],"tags":[],"class_list":["post-44488","post","type-post","status-publish","format-standard","has-post-thumbnail","hentry","category-veracruz"],"jetpack_publicize_connections":[],"jetpack_featured_media_url":"https:\/\/noticiasveracruz.com\/wp-content\/uploads\/2024\/11\/6a-3.jpg","jetpack_sharing_enabled":true,"publishpress_future_action":{"enabled":false,"date":"2026-05-08 12:03:16","action":"change-status","newStatus":"draft","terms":[],"taxonomy":"category","extraData":[]},"publishpress_future_workflow_manual_trigger":{"enabledWorkflows":[]},"_links":{"self":[{"href":"https:\/\/noticiasveracruz.com\/index.php\/wp-json\/wp\/v2\/posts\/44488","targetHints":{"allow":["GET"]}}],"collection":[{"href":"https:\/\/noticiasveracruz.com\/index.php\/wp-json\/wp\/v2\/posts"}],"about":[{"href":"https:\/\/noticiasveracruz.com\/index.php\/wp-json\/wp\/v2\/types\/post"}],"author":[{"embeddable":true,"href":"https:\/\/noticiasveracruz.com\/index.php\/wp-json\/wp\/v2\/users\/4"}],"replies":[{"embeddable":true,"href":"https:\/\/noticiasveracruz.com\/index.php\/wp-json\/wp\/v2\/comments?post=44488"}],"version-history":[{"count":0,"href":"https:\/\/noticiasveracruz.com\/index.php\/wp-json\/wp\/v2\/posts\/44488\/revisions"}],"wp:featuredmedia":[{"embeddable":true,"href":"https:\/\/noticiasveracruz.com\/index.php\/wp-json\/wp\/v2\/media\/44489"}],"wp:attachment":[{"href":"https:\/\/noticiasveracruz.com\/index.php\/wp-json\/wp\/v2\/media?parent=44488"}],"wp:term":[{"taxonomy":"category","embeddable":true,"href":"https:\/\/noticiasveracruz.com\/index.php\/wp-json\/wp\/v2\/categories?post=44488"},{"taxonomy":"post_tag","embeddable":true,"href":"https:\/\/noticiasveracruz.com\/index.php\/wp-json\/wp\/v2\/tags?post=44488"}],"curies":[{"name":"wp","href":"https:\/\/api.w.org\/{rel}","templated":true}]}}