{"id":44470,"date":"2024-11-21T00:17:07","date_gmt":"2024-11-21T06:17:07","guid":{"rendered":"https:\/\/noticiasveracruz.com\/?p=44470"},"modified":"2024-11-20T19:51:49","modified_gmt":"2024-11-21T01:51:49","slug":"periodistas-se-autocensuran-por-la-violencia-revela-encuesta","status":"publish","type":"post","link":"https:\/\/noticiasveracruz.com\/index.php\/2024\/11\/21\/periodistas-se-autocensuran-por-la-violencia-revela-encuesta\/","title":{"rendered":"Periodistas se autocensuran por la violencia, revela encuesta"},"content":{"rendered":"<p><span style=\"font-size: 14pt;\">Las\u00a0agresiones contra la prensa en M\u00e9xico\u00a0han ocasionado que\u00a0m\u00e1s de la mitad de los periodistas en el pa\u00eds se autocensuren\u00a0o que limiten las zonas de cobertura para evitar\u00a0represalias\u00a0por su quehacer period\u00edstico.<\/span><\/p>\n<p><span style=\"font-size: 14pt;\">\u201cHay algunas de estas medidas que afectan el derecho a la informaci\u00f3n, porque m\u00e1s de la mitad de los periodistas se autocensura, un 55 por ciento.\u00a0Casi la mitad limita la cobertura y zonas de riesgo, 48 por ciento. Un cuarto de los encuestados, adem\u00e1s,\u00a0cambia de tem\u00e1tica\u00a0lo que nos est\u00e1 haciendo perder gente valiosa y especialista en un solo tema y adem\u00e1s afecta a la propia profesi\u00f3n period\u00edstica, porque\u00a0cuatro de cada 10 periodistas oculta que es periodista\u201d, declar\u00f3 la Dra\u00a0Mireya M\u00e1rquez, acad\u00e9mica de la\u00a0Universidad Iberoamericana.<\/span><\/p>\n","protected":false},"excerpt":{"rendered":"<p>Las\u00a0agresiones contra la prensa en M\u00e9xico\u00a0han ocasionado que\u00a0m\u00e1s de la mitad de los periodistas en el pa\u00eds se autocensuren\u00a0o que limiten las zonas de cobertura para evitar\u00a0represalias\u00a0por su quehacer period\u00edstico. \u201cHay algunas de estas medidas que afectan el derecho a la informaci\u00f3n, porque m\u00e1s de la mitad de los periodistas se autocensura, un 55 por [&hellip;]<\/p>\n","protected":false},"author":4,"featured_media":44471,"comment_status":"closed","ping_status":"closed","sticky":false,"template":"","format":"standard","meta":{"_jetpack_newsletter_access":"","_jetpack_dont_email_post_to_subs":false,"_jetpack_newsletter_tier_id":0,"_jetpack_memberships_contains_paywalled_content":false,"_jetpack_feature_clip_id":0,"_jetpack_memberships_contains_paid_content":false,"footnotes":"","jetpack_publicize_message":"","jetpack_publicize_feature_enabled":true,"jetpack_social_post_already_shared":true,"jetpack_social_options":{"image_generator_settings":{"template":"highway","default_image_id":0,"font":"","enabled":false},"version":2},"jetpack_post_was_ever_published":false},"categories":[4],"tags":[],"class_list":["post-44470","post","type-post","status-publish","format-standard","has-post-thumbnail","hentry","category-nacional"],"jetpack_publicize_connections":[],"jetpack_sharing_enabled":true,"publishpress_future_action":{"enabled":false,"date":"2026-09-06 18:06:03","action":"change-status","newStatus":"draft","terms":[],"taxonomy":"category","extraData":[]},"publishpress_future_workflow_manual_trigger":{"enabledWorkflows":[]},"jetpack_featured_media_url":"https:\/\/noticiasveracruz.com\/wp-content\/uploads\/2024\/11\/Academica-e-investigadora-de-la-Universidad-Iberoamericana-en-el-Foro-Alianza-de-Medios-MX.png","_links":{"self":[{"href":"https:\/\/noticiasveracruz.com\/index.php\/wp-json\/wp\/v2\/posts\/44470","targetHints":{"allow":["GET"]}}],"collection":[{"href":"https:\/\/noticiasveracruz.com\/index.php\/wp-json\/wp\/v2\/posts"}],"about":[{"href":"https:\/\/noticiasveracruz.com\/index.php\/wp-json\/wp\/v2\/types\/post"}],"author":[{"embeddable":true,"href":"https:\/\/noticiasveracruz.com\/index.php\/wp-json\/wp\/v2\/users\/4"}],"replies":[{"embeddable":true,"href":"https:\/\/noticiasveracruz.com\/index.php\/wp-json\/wp\/v2\/comments?post=44470"}],"version-history":[{"count":0,"href":"https:\/\/noticiasveracruz.com\/index.php\/wp-json\/wp\/v2\/posts\/44470\/revisions"}],"wp:featuredmedia":[{"embeddable":true,"href":"https:\/\/noticiasveracruz.com\/index.php\/wp-json\/wp\/v2\/media\/44471"}],"wp:attachment":[{"href":"https:\/\/noticiasveracruz.com\/index.php\/wp-json\/wp\/v2\/media?parent=44470"}],"wp:term":[{"taxonomy":"category","embeddable":true,"href":"https:\/\/noticiasveracruz.com\/index.php\/wp-json\/wp\/v2\/categories?post=44470"},{"taxonomy":"post_tag","embeddable":true,"href":"https:\/\/noticiasveracruz.com\/index.php\/wp-json\/wp\/v2\/tags?post=44470"}],"curies":[{"name":"wp","href":"https:\/\/api.w.org\/{rel}","templated":true}]}}