{"id":44467,"date":"2024-11-21T00:16:04","date_gmt":"2024-11-21T06:16:04","guid":{"rendered":"https:\/\/noticiasveracruz.com\/?p=44467"},"modified":"2024-11-20T19:49:40","modified_gmt":"2024-11-21T01:49:40","slug":"sheinbaum-dara-informe-sobre-el-supuesto-hackeo-a-consejeria-juridica","status":"publish","type":"post","link":"https:\/\/noticiasveracruz.com\/index.php\/2024\/11\/21\/sheinbaum-dara-informe-sobre-el-supuesto-hackeo-a-consejeria-juridica\/","title":{"rendered":"Sheinbaum dar\u00e1 informe sobre el supuesto hackeo a Consejer\u00eda Jur\u00eddica"},"content":{"rendered":"<p><span style=\"font-size: 14pt;\">La presidenta\u00a0Claudia Sheinbaum\u00a0dijo esta ma\u00f1ana que recibir\u00e1 un informe sobre el supuesto\u00a0hackeo\u00a0a la\u00a0Consejer\u00eda Jur\u00eddica del Ejecutivo Federal\u00a0en la que el grupo\u00a0RansomHub\u00a0habr\u00eda robado\u00a0313 gigabytes de informaci\u00f3n.<\/span><\/p>\n<p><span style=\"font-size: 14pt;\">\u201cSe habl\u00f3 de un\u00a0hackeo\u00a0que sufri\u00f3 la\u00a0Presidencia, por parte del\u00a0Grupo RansomHub, que\u00a0hacke\u00f3 a la Consejer\u00eda Jur\u00eddica 313 gigabytes de informaci\u00f3n\u00a0entre lo que puede haber\u00a0contratos, informaci\u00f3n privada de algunos funcionarios, \u00bftiene un informe al respecto? \u00bfS\u00ed fue verdad?\u201d, se le pregunt\u00f3.<\/span><\/p>\n<p><span style=\"font-size: 14pt;\">\u201cSobre el tema del\u00a0hackeo, apenas hoy me van a entregar un\u00a0informe\u00a0y con gusto se los hacemos saber ma\u00f1ana; o del presunto \u201chackeo\u201d, vamos a llamarle as\u00ed\u201d, respondi\u00f3 la Presidenta sin mediar m\u00e1s palabra.<\/span><\/p>\n<p><span style=\"font-size: 14pt;\">La\u00a0Consejer\u00eda Jur\u00eddica de la Presidencia, a cargo de Ernestina Godoy, es el \u00e1rea que atiende los asuntos legales del Ejecutivo Federal y su titular, Claudia Sheinbaum. Dicha \u00e1rea es la que presuntamente sufri\u00f3 un ataque por parte del\u00a0grupo de hackers RansomHub.<\/span><\/p>\n","protected":false},"excerpt":{"rendered":"<p>La presidenta\u00a0Claudia Sheinbaum\u00a0dijo esta ma\u00f1ana que recibir\u00e1 un informe sobre el supuesto\u00a0hackeo\u00a0a la\u00a0Consejer\u00eda Jur\u00eddica del Ejecutivo Federal\u00a0en la que el<\/p>\n","protected":false},"author":4,"featured_media":44468,"comment_status":"closed","ping_status":"closed","sticky":false,"template":"","format":"standard","meta":{"colormag_page_container_layout":"default_layout","colormag_page_sidebar_layout":"default_layout","_jetpack_memberships_contains_paid_content":false,"footnotes":"","jetpack_publicize_message":"","jetpack_publicize_feature_enabled":true,"jetpack_social_post_already_shared":true,"jetpack_social_options":{"image_generator_settings":{"template":"highway","default_image_id":0,"font":"","enabled":false},"version":2}},"categories":[4],"tags":[],"class_list":["post-44467","post","type-post","status-publish","format-standard","has-post-thumbnail","hentry","category-nacional"],"jetpack_publicize_connections":[],"jetpack_featured_media_url":"https:\/\/noticiasveracruz.com\/wp-content\/uploads\/2024\/11\/Claudia-Sheinbaum-2.png","jetpack_sharing_enabled":true,"publishpress_future_action":{"enabled":false,"date":"2026-05-08 13:02:15","action":"change-status","newStatus":"draft","terms":[],"taxonomy":"category","extraData":[]},"publishpress_future_workflow_manual_trigger":{"enabledWorkflows":[]},"_links":{"self":[{"href":"https:\/\/noticiasveracruz.com\/index.php\/wp-json\/wp\/v2\/posts\/44467","targetHints":{"allow":["GET"]}}],"collection":[{"href":"https:\/\/noticiasveracruz.com\/index.php\/wp-json\/wp\/v2\/posts"}],"about":[{"href":"https:\/\/noticiasveracruz.com\/index.php\/wp-json\/wp\/v2\/types\/post"}],"author":[{"embeddable":true,"href":"https:\/\/noticiasveracruz.com\/index.php\/wp-json\/wp\/v2\/users\/4"}],"replies":[{"embeddable":true,"href":"https:\/\/noticiasveracruz.com\/index.php\/wp-json\/wp\/v2\/comments?post=44467"}],"version-history":[{"count":0,"href":"https:\/\/noticiasveracruz.com\/index.php\/wp-json\/wp\/v2\/posts\/44467\/revisions"}],"wp:featuredmedia":[{"embeddable":true,"href":"https:\/\/noticiasveracruz.com\/index.php\/wp-json\/wp\/v2\/media\/44468"}],"wp:attachment":[{"href":"https:\/\/noticiasveracruz.com\/index.php\/wp-json\/wp\/v2\/media?parent=44467"}],"wp:term":[{"taxonomy":"category","embeddable":true,"href":"https:\/\/noticiasveracruz.com\/index.php\/wp-json\/wp\/v2\/categories?post=44467"},{"taxonomy":"post_tag","embeddable":true,"href":"https:\/\/noticiasveracruz.com\/index.php\/wp-json\/wp\/v2\/tags?post=44467"}],"curies":[{"name":"wp","href":"https:\/\/api.w.org\/{rel}","templated":true}]}}