{"id":4446,"date":"2022-05-18T07:17:47","date_gmt":"2022-05-18T12:17:47","guid":{"rendered":"https:\/\/noticiasveracruz.com\/?p=4446"},"modified":"2022-05-18T07:17:47","modified_gmt":"2022-05-18T12:17:47","slug":"ciclon-alex-en-formacion-llegara-al-oceano-atlantico-smn","status":"publish","type":"post","link":"https:\/\/noticiasveracruz.com\/index.php\/2022\/05\/18\/ciclon-alex-en-formacion-llegara-al-oceano-atlantico-smn\/","title":{"rendered":"Cicl\u00f3n Alex en formaci\u00f3n, llegar\u00e1 al Oc\u00e9ano Atl\u00e1ntico: SMN"},"content":{"rendered":"<p class=\"p1\"><span style=\"font-size: 14pt;\"><em><strong>Ciudad de M\u00e9xico.<\/strong><\/em> El<strong>\u00a0Servicio Meteorol\u00f3gico Nacional<\/strong> (SMN)\u00a0prev\u00e9 que el<strong>\u00a0Cicl\u00f3n Alex\u00a0podr\u00eda formarse este fin de semana<\/strong>, de acuerdo con el calendario de lluvias y ciclones tropicales 2022.<\/span><\/p>\n<p class=\"p1\"><span style=\"font-size: 14pt;\">El SMN detall\u00f3 que Alex llegara al\u00a0Oc\u00e9ano Atl\u00e1ntico en el Caribe Mexicano\u00a0como parte de la temporada de ciclones y precipitaciones que\u00a0comenz\u00f3 este 15 de mayo.<\/span><\/p>\n<p class=\"p1\"><strong><span style=\"font-size: 18pt;\">\u201cEs muy posible que se pueda desarrollar el primer sistema tropical y que\u00a0alcance la categor\u00eda de tormenta tropical\u00a0en el pr\u00f3ximo fin de semana. En caso de que se desarrolle la tormenta tropical que se espera para este fin de semana, tendr\u00e1 el nombre de Alex\u201d, afirm\u00f3 Alejandra Margarita M\u00e9ndez Gir\u00f3n,\u00a0coordinadora general del SMN.<\/span><\/strong><\/p>\n<p class=\"p1\"><span style=\"font-size: 14pt;\">La dependencia explic\u00f3 que esta temporada de ciclones tropicales y\u00a0lluvias ser\u00e1 m\u00e1s activa,\u00a0por lo que se pron\u00f3stica entre 6 y 9 huracanes en el Oc\u00e9ano Pac\u00edfico y\u00a0de 6 a 10, en el Atl\u00e1ntico.<\/span><\/p>\n<p class=\"p1\"><strong><span style=\"font-size: 14pt;\">As\u00ed como\u00a0entre 30 y 40 ciclones tropicales,\u00a0de los cuales se prev\u00e9 que 5 impacten con territorio nacional,\u00a0por lo que las autoridades del SMN\u00a0pidi\u00f3 a la poblaci\u00f3n estar alerta.<\/span><\/strong><\/p>\n<p class=\"p1\"><strong><span style=\"font-size: 18pt;\">Por su parte, Agatha es el nombre del segundo cicl\u00f3n que impacte\u00a0con el Pac\u00edfico mexicano; aunque no se tiene una fecha exacta de la llegada\u00a0de esta tormenta tropical.<\/span><\/strong><\/p>\n<p>&nbsp;<\/p>\n","protected":false},"excerpt":{"rendered":"<p>Ciudad de M\u00e9xico. El\u00a0Servicio Meteorol\u00f3gico Nacional (SMN)\u00a0prev\u00e9 que el\u00a0Cicl\u00f3n Alex\u00a0podr\u00eda formarse este fin de semana, de acuerdo con el calendario<\/p>\n","protected":false},"author":4,"featured_media":4447,"comment_status":"closed","ping_status":"closed","sticky":false,"template":"","format":"standard","meta":{"colormag_page_container_layout":"default_layout","colormag_page_sidebar_layout":"default_layout","_jetpack_memberships_contains_paid_content":false,"footnotes":"","jetpack_publicize_message":"","jetpack_publicize_feature_enabled":true,"jetpack_social_post_already_shared":false,"jetpack_social_options":{"image_generator_settings":{"template":"highway","default_image_id":0,"font":"","enabled":false},"version":2}},"categories":[145],"tags":[724,570],"class_list":["post-4446","post","type-post","status-publish","format-standard","has-post-thumbnail","hentry","category-estados","tag-ciclon","tag-smn"],"jetpack_publicize_connections":[],"jetpack_featured_media_url":"https:\/\/noticiasveracruz.com\/wp-content\/uploads\/2022\/05\/P-SMEs.png","jetpack_sharing_enabled":true,"publishpress_future_action":{"enabled":false,"date":"2026-05-06 23:26:47","action":"change-status","newStatus":"draft","terms":[],"taxonomy":"category","extraData":[]},"publishpress_future_workflow_manual_trigger":{"enabledWorkflows":[]},"_links":{"self":[{"href":"https:\/\/noticiasveracruz.com\/index.php\/wp-json\/wp\/v2\/posts\/4446","targetHints":{"allow":["GET"]}}],"collection":[{"href":"https:\/\/noticiasveracruz.com\/index.php\/wp-json\/wp\/v2\/posts"}],"about":[{"href":"https:\/\/noticiasveracruz.com\/index.php\/wp-json\/wp\/v2\/types\/post"}],"author":[{"embeddable":true,"href":"https:\/\/noticiasveracruz.com\/index.php\/wp-json\/wp\/v2\/users\/4"}],"replies":[{"embeddable":true,"href":"https:\/\/noticiasveracruz.com\/index.php\/wp-json\/wp\/v2\/comments?post=4446"}],"version-history":[{"count":0,"href":"https:\/\/noticiasveracruz.com\/index.php\/wp-json\/wp\/v2\/posts\/4446\/revisions"}],"wp:featuredmedia":[{"embeddable":true,"href":"https:\/\/noticiasveracruz.com\/index.php\/wp-json\/wp\/v2\/media\/4447"}],"wp:attachment":[{"href":"https:\/\/noticiasveracruz.com\/index.php\/wp-json\/wp\/v2\/media?parent=4446"}],"wp:term":[{"taxonomy":"category","embeddable":true,"href":"https:\/\/noticiasveracruz.com\/index.php\/wp-json\/wp\/v2\/categories?post=4446"},{"taxonomy":"post_tag","embeddable":true,"href":"https:\/\/noticiasveracruz.com\/index.php\/wp-json\/wp\/v2\/tags?post=4446"}],"curies":[{"name":"wp","href":"https:\/\/api.w.org\/{rel}","templated":true}]}}