{"id":44303,"date":"2024-11-19T00:09:29","date_gmt":"2024-11-19T06:09:29","guid":{"rendered":"https:\/\/noticiasveracruz.com\/?p=44303"},"modified":"2024-11-18T17:37:44","modified_gmt":"2024-11-18T23:37:44","slug":"confianza-del-consumidor-en-mexico-anota-su-nivel-record-en-octubre-2024","status":"publish","type":"post","link":"https:\/\/noticiasveracruz.com\/index.php\/2024\/11\/19\/confianza-del-consumidor-en-mexico-anota-su-nivel-record-en-octubre-2024\/","title":{"rendered":"Confianza del consumidor en M\u00e9xico anota su nivel r\u00e9cord en octubre 2024"},"content":{"rendered":"<p><span style=\"font-size: 14pt;\">La llegada de Claudia Sheinbaum a la presidencia trajo consigo un repunte de la confianza de los consumidores en M\u00e9xico.\u00a0<\/span><\/p>\n<p><span style=\"font-size: 14pt;\">En octubre del 2024 el\u00a0Indicador de Confianza del Consumidor\u00a0(ICC) se ubic\u00f3 en un nivel hist\u00f3rico de 49.4 puntos, de acuerdo con cifras del Inegi (Instituto Nacional de Estad\u00edstica y Geograf\u00eda).<\/span><\/p>\n<p><span style=\"font-size: 14pt;\">Este nivel implic\u00f3 una alza importante de 2.0 puntos en s\u00f3lo un mes, de septiembre a octubre.<\/span><\/p>\n<p><span style=\"font-size: 14pt;\">Al interior de los 10 indicadores complementarios del\u00a0ICC\u00a0se observ\u00f3 que el que m\u00e1s avanz\u00f3 fue el relacionado con el empleo en el pa\u00eds; esto refleja que los hogares tienen la sensaci\u00f3n de que la situaci\u00f3n laboral es mejor que hace un a\u00f1o.<\/span><\/p>\n","protected":false},"excerpt":{"rendered":"<p>La llegada de Claudia Sheinbaum a la presidencia trajo consigo un repunte de la confianza de los consumidores en M\u00e9xico.\u00a0 En octubre del 2024 el\u00a0Indicador de Confianza del Consumidor\u00a0(ICC) se ubic\u00f3 en un nivel hist\u00f3rico de 49.4 puntos, de acuerdo con cifras del Inegi (Instituto Nacional de Estad\u00edstica y Geograf\u00eda). Este nivel implic\u00f3 una alza [&hellip;]<\/p>\n","protected":false},"author":4,"featured_media":44304,"comment_status":"closed","ping_status":"closed","sticky":false,"template":"","format":"standard","meta":{"_jetpack_newsletter_access":"","_jetpack_dont_email_post_to_subs":false,"_jetpack_newsletter_tier_id":0,"_jetpack_memberships_contains_paywalled_content":false,"_jetpack_feature_clip_id":0,"_jetpack_memberships_contains_paid_content":false,"footnotes":"","jetpack_publicize_message":"","jetpack_publicize_feature_enabled":true,"jetpack_social_post_already_shared":true,"jetpack_social_options":{"image_generator_settings":{"template":"highway","default_image_id":0,"font":"","enabled":false},"version":2},"jetpack_post_was_ever_published":false},"categories":[1947],"tags":[],"class_list":["post-44303","post","type-post","status-publish","format-standard","has-post-thumbnail","hentry","category-economia"],"jetpack_publicize_connections":[],"jetpack_sharing_enabled":true,"publishpress_future_action":{"enabled":false,"date":"2026-09-09 01:54:33","action":"change-status","newStatus":"draft","terms":[],"taxonomy":"category","extraData":[]},"publishpress_future_workflow_manual_trigger":{"enabledWorkflows":[]},"jetpack_featured_media_url":"https:\/\/noticiasveracruz.com\/wp-content\/uploads\/2024\/11\/Confianza-del-consumidor-en-Mexico-anota-su-nivel-record-en-octubre-2024.jpg","_links":{"self":[{"href":"https:\/\/noticiasveracruz.com\/index.php\/wp-json\/wp\/v2\/posts\/44303","targetHints":{"allow":["GET"]}}],"collection":[{"href":"https:\/\/noticiasveracruz.com\/index.php\/wp-json\/wp\/v2\/posts"}],"about":[{"href":"https:\/\/noticiasveracruz.com\/index.php\/wp-json\/wp\/v2\/types\/post"}],"author":[{"embeddable":true,"href":"https:\/\/noticiasveracruz.com\/index.php\/wp-json\/wp\/v2\/users\/4"}],"replies":[{"embeddable":true,"href":"https:\/\/noticiasveracruz.com\/index.php\/wp-json\/wp\/v2\/comments?post=44303"}],"version-history":[{"count":0,"href":"https:\/\/noticiasveracruz.com\/index.php\/wp-json\/wp\/v2\/posts\/44303\/revisions"}],"wp:featuredmedia":[{"embeddable":true,"href":"https:\/\/noticiasveracruz.com\/index.php\/wp-json\/wp\/v2\/media\/44304"}],"wp:attachment":[{"href":"https:\/\/noticiasveracruz.com\/index.php\/wp-json\/wp\/v2\/media?parent=44303"}],"wp:term":[{"taxonomy":"category","embeddable":true,"href":"https:\/\/noticiasveracruz.com\/index.php\/wp-json\/wp\/v2\/categories?post=44303"},{"taxonomy":"post_tag","embeddable":true,"href":"https:\/\/noticiasveracruz.com\/index.php\/wp-json\/wp\/v2\/tags?post=44303"}],"curies":[{"name":"wp","href":"https:\/\/api.w.org\/{rel}","templated":true}]}}