{"id":4428,"date":"2022-05-18T05:46:55","date_gmt":"2022-05-18T10:46:55","guid":{"rendered":"https:\/\/noticiasveracruz.com\/?p=4428"},"modified":"2022-05-18T05:46:55","modified_gmt":"2022-05-18T10:46:55","slug":"el-despojo-del-acuario-y-el-nulo-estado-de-derecho-en-veracruz","status":"publish","type":"post","link":"https:\/\/noticiasveracruz.com\/index.php\/2022\/05\/18\/el-despojo-del-acuario-y-el-nulo-estado-de-derecho-en-veracruz\/","title":{"rendered":"El despojo del Acuario y el nulo Estado de Derecho en Veracruz"},"content":{"rendered":"<p class=\"p1\">\n<p class=\"p1\"><strong><span style=\"font-size: 18pt;\">Por Aurelio Contreras Moreno<\/span><\/strong><\/p>\n<p class=\"p1\"><span style=\"font-size: 14pt;\">El despojo del Acuario de Veracruz que oper\u00f3 el gobierno de Cuitl\u00e1huac Garc\u00eda Jim\u00e9nez es una di\u00e1fana prueba \u2013una m\u00e1s- de la total ausencia de apego a la legalidad que priva en el estado.<\/span><\/p>\n<p class=\"p1\"><span style=\"font-size: 14pt;\">Sin asomo duda, el \u201ccuitlahuato\u201d se lanz\u00f3 contra el Acuario por el dinero \u2013m\u00e1s de cien millones de pesos en ingresos anuales, seg\u00fan ha trascendido-, y para ello ha inventado de todo, transgrediendo la norma a trav\u00e9s de un decreto \u2013o sea, por sus\u2026 pistolas- que ni siquiera est\u00e1 bien fundado y al cual ha contradicho con sus propias declaraciones medi\u00e1ticas.<\/span><\/p>\n<p class=\"p1\"><span style=\"font-size: 14pt;\">En los considerandos del \u201cDecreto que Extingue el Fideicomiso P\u00fablico de Administraci\u00f3n Denominado Acuario de Veracruz\u201d, expedido por el gobernador Cuitl\u00e1huac Garc\u00eda Jim\u00e9nez la noche del lunes, lo \u00fanico que se argumenta para justificar la apropiaci\u00f3n del principal atractivo tur\u00edstico de la entidad es que el Fideicomiso del Acuario \u201cno ha actualizado plenamente su marco jur\u00eddico a las disposiciones que, en materia de entidades paraestatales en general, y de fideicomisos p\u00fablicos en particular, establecen la Constituci\u00f3n Local y la Ley Org\u00e1nica del Poder Ejecutivo del Estado de Veracruz de Ignacio de la Llave, (\u2026) por lo que el Gobierno del Estado ha decidido extinguir el Fideicomiso invocado, fijando en este acto los t\u00e9rminos y formalidades para dicha extinci\u00f3n, de conformidad con el presente instrumento, as\u00ed como desde el punto del orden p\u00fablico de una mejor econom\u00eda y administraci\u00f3n de sus recursos y patrimonio y para la salvaguarda del inter\u00e9s p\u00fablico\u201d.<\/span><\/p>\n<p class=\"p1\"><span style=\"font-size: 14pt;\">Asimismo, en el decreto de marras \u00fanicamente se menciona que \u201cel Fideicomiso P\u00fablico referido debi\u00f3 haber perfeccionado su naturaleza jur\u00eddica para reunir las caracter\u00edsticas de una Entidad Paraestatal auxiliar de la administraci\u00f3n p\u00fablica\u201d. Ninguna otra raz\u00f3n legal.<\/span><\/p>\n<p class=\"p1\"><span style=\"font-size: 14pt;\">Sin embargo, en el comunicado que difundi\u00f3 en sus redes sociales el propio Garc\u00eda Jim\u00e9nez el martes, se afirman acciones que no se incluyen en el decreto oficial, como que el Acuario de Veracruz \u201creconoci\u00f3 que se les muri\u00f3 un manat\u00ed y queda evidenciado que en su momento ocultaron informaci\u00f3n\u201d.<\/span><\/p>\n<p class=\"p1\"><span style=\"font-size: 14pt;\">En el bolet\u00edn tambi\u00e9n aseguran que el Acuario \u201cpersiste en ocultar\u201d la disposici\u00f3n final del manat\u00ed muerto y hasta especulan con que intentaron deshacerse del mismo.<\/span><\/p>\n<p class=\"p1\"><span style=\"font-size: 14pt;\">Y al final, se descaran aduciendo que \u201cqueda evidenciado que dejaron operar a una administradora particular que solo defiende sus intereses privados, no aporta nada al inter\u00e9s p\u00fablico y no reporta todos los ingresos que obtiene\u201d. El objetivo siempre fue el manejo del dinero.<\/span><\/p>\n<p class=\"p1\"><span style=\"font-size: 14pt;\">Empero, el hecho de que el texto del decreto carezca de una motivaci\u00f3n jur\u00eddica real, lo vuelve irracional normativamente, as\u00ed como un acto administrativo arbitrario, de acuerdo con un an\u00e1lisis legal del caso consultado por quien esto escribe. Por lo que seg\u00fan varias opiniones jur\u00eddicas, puede ser combatido por la misma v\u00eda.<\/span><\/p>\n<p class=\"p1\"><span style=\"font-size: 14pt;\">Pero en lo que eso ocurre y llega a un t\u00e9rmino \u2013lo cual puede tardar incluso lo que resta del sexenio-, un nuevo abuso de autoridad fue perpetrado por un gobierno tramposo, mentiroso y al que la ley y las instituciones le importan un carajo. Vaya, pareciera que a\u00fan gobernase Javier Duarte.<\/span><\/p>\n<p class=\"p1\"><span style=\"font-size: 14pt;\">Todo esto se explica por la ausencia de Estado de Derecho en Veracruz, misma que fue reflejada exactamente este mismo martes por el \u00cdndice de Estado de Derecho en M\u00e9xico 2021-2022 que dio a conocer la organizaci\u00f3n World Justice Project.<\/span><\/p>\n<p class=\"p1\"><span style=\"font-size: 14pt;\">De acuerdo con los resultados, a nivel general Veracruz ocupa el lugar 23 a nivel nacional en su \u00cdndice de Estado de Derecho con un puntaje de 0.38, donde 1 indica la m\u00e1xima adhesi\u00f3n. Pero los indicadores por separado reflejan una realidad a\u00fan peor de un estado malgobernado a partir de la arbitrariedad.<\/span><\/p>\n<p class=\"p1\"><span style=\"font-size: 14pt;\">En materia de Justicia Civil, Veracruz aparece en el \u00faltimo lugar del pa\u00eds, al igual que en el apartado de Derechos Fundamentales. En cuanto a Justicia Penal, ocupa el lugar 30; mientras que en L\u00edmites al poder gubernamental, se coloca en el lugar 31. En materia de Ausencia de corrupci\u00f3n no llega a la media tabla y est\u00e1 en el lugar 20.<\/span><\/p>\n<p class=\"p1\"><span style=\"font-size: 14pt;\">La \u201ctraducci\u00f3n\u201d de estos datos es un gobierno autoritario que hace lo que quiere \u2013hasta que la justicia federal se lo echa abajo-, corrupto \u2013no hay mejor evidencia de ello que entregarle el Acuario a Sergio Rodr\u00edguez, acusado de extorsi\u00f3n en varias ocasiones previas-, donde no se respetan los derechos humanos \u2013baste recordar los \u201cultrajes a la autoridad\u201d- y la procuraci\u00f3n e impartici\u00f3n de justicia son una verg\u00fcenza, con titulares cooptadas y que act\u00faan por consigna del Ejecutivo.<\/span><\/p>\n<p class=\"p1\"><span style=\"font-size: 14pt;\">\u00a1C\u00f3mo no se iban a robar el Acuario!<\/span><\/p>\n<p>&nbsp;<\/p>\n<p class=\"p1\"><strong><span style=\"font-size: 18pt;\">RID\u00cdCULO DE LA FGE<\/span><\/strong><\/p>\n<p class=\"p1\"><span style=\"font-size: 14pt;\">Y hablando de pisotear el Estado de Derecho, la Fiscal\u00eda General del Estado \u201cse luci\u00f3\u201d este mismo martes, presentando al mediod\u00eda a un joven estudiante y repartidor de comida como presunto asesino de las periodistas Yesenia Mollinedo y Sheila Johana Garc\u00eda, para por la noche liberarlo pues lo \u201cconfundieron\u201d con un hom\u00f3nimo. Rid\u00edculo gigantesco del que nadie, hasta el momento de escribir estas l\u00edneas, se ha hecho cargo.<\/span><\/p>\n<p class=\"p1\"><span style=\"font-size: 14pt;\">De la reparaci\u00f3n del da\u00f1o a la reputaci\u00f3n del joven, exhibido y puesto en peligro por la autoridad, ni hablar. Corto se qued\u00f3 World Justice Project.<\/span><\/p>\n<p>&nbsp;<\/p>\n<p>&nbsp;<\/p>\n<p class=\"p1\"><strong><span style=\"font-size: 18pt;\">Correo: <a href=\"mailto:aureliocontreras@gmail.com\">aureliocontreras@gmail.com<\/a><\/span><\/strong><\/p>\n<p class=\"p1\"><strong><span style=\"font-size: 18pt;\">Twitter: <a href=\"https:\/\/twitter.com\/yeyocontreras\">@yeyocontreras<\/a><\/span><\/strong><\/p>\n<p>&nbsp;<\/p>\n<p>&nbsp;<\/p>\n<p>&nbsp;<\/p>\n","protected":false},"excerpt":{"rendered":"<p>Por Aurelio Contreras Moreno El despojo del Acuario de Veracruz que oper\u00f3 el gobierno de Cuitl\u00e1huac Garc\u00eda Jim\u00e9nez es una<\/p>\n","protected":false},"author":4,"featured_media":3578,"comment_status":"closed","ping_status":"closed","sticky":false,"template":"","format":"standard","meta":{"colormag_page_container_layout":"default_layout","colormag_page_sidebar_layout":"default_layout","_jetpack_memberships_contains_paid_content":false,"footnotes":"","jetpack_publicize_message":"","jetpack_publicize_feature_enabled":true,"jetpack_social_post_already_shared":false,"jetpack_social_options":{"image_generator_settings":{"template":"highway","default_image_id":0,"font":"","enabled":false},"version":2}},"categories":[6],"tags":[],"class_list":["post-4428","post","type-post","status-publish","format-standard","has-post-thumbnail","hentry","category-columnistas"],"jetpack_publicize_connections":[],"jetpack_featured_media_url":"https:\/\/noticiasveracruz.com\/wp-content\/uploads\/2022\/04\/P-AURELIO-CONTRERAS.png","jetpack_sharing_enabled":true,"publishpress_future_action":{"enabled":false,"date":"2026-05-06 10:08:03","action":"change-status","newStatus":"draft","terms":[],"taxonomy":"category","extraData":[]},"publishpress_future_workflow_manual_trigger":{"enabledWorkflows":[]},"_links":{"self":[{"href":"https:\/\/noticiasveracruz.com\/index.php\/wp-json\/wp\/v2\/posts\/4428","targetHints":{"allow":["GET"]}}],"collection":[{"href":"https:\/\/noticiasveracruz.com\/index.php\/wp-json\/wp\/v2\/posts"}],"about":[{"href":"https:\/\/noticiasveracruz.com\/index.php\/wp-json\/wp\/v2\/types\/post"}],"author":[{"embeddable":true,"href":"https:\/\/noticiasveracruz.com\/index.php\/wp-json\/wp\/v2\/users\/4"}],"replies":[{"embeddable":true,"href":"https:\/\/noticiasveracruz.com\/index.php\/wp-json\/wp\/v2\/comments?post=4428"}],"version-history":[{"count":0,"href":"https:\/\/noticiasveracruz.com\/index.php\/wp-json\/wp\/v2\/posts\/4428\/revisions"}],"wp:featuredmedia":[{"embeddable":true,"href":"https:\/\/noticiasveracruz.com\/index.php\/wp-json\/wp\/v2\/media\/3578"}],"wp:attachment":[{"href":"https:\/\/noticiasveracruz.com\/index.php\/wp-json\/wp\/v2\/media?parent=4428"}],"wp:term":[{"taxonomy":"category","embeddable":true,"href":"https:\/\/noticiasveracruz.com\/index.php\/wp-json\/wp\/v2\/categories?post=4428"},{"taxonomy":"post_tag","embeddable":true,"href":"https:\/\/noticiasveracruz.com\/index.php\/wp-json\/wp\/v2\/tags?post=4428"}],"curies":[{"name":"wp","href":"https:\/\/api.w.org\/{rel}","templated":true}]}}