{"id":44276,"date":"2024-11-18T10:52:50","date_gmt":"2024-11-18T16:52:50","guid":{"rendered":"https:\/\/noticiasveracruz.com\/?p=44276"},"modified":"2024-11-18T10:55:20","modified_gmt":"2024-11-18T16:55:20","slug":"programas-y-obras-prioritarias-con-11-de-cada-100-pesos-del-gasto-estimado-para-2025","status":"publish","type":"post","link":"https:\/\/noticiasveracruz.com\/index.php\/2024\/11\/18\/programas-y-obras-prioritarias-con-11-de-cada-100-pesos-del-gasto-estimado-para-2025\/","title":{"rendered":"Programas y obras prioritarias, con 11 de cada 100 pesos del gasto estimado para 2025"},"content":{"rendered":"<p><span style=\"font-size: 14pt;\">El gobierno de Claudia Sheinbaum destinar\u00e1, el siguiente a\u00f1o,\u00a011 de cada 100 pesos\u00a0del presupuesto a programas sociales y obras prioritarias, de acuerdo con lo expuesto en el Paquete Econ\u00f3mico 2025.<\/span><\/p>\n<p><span style=\"font-size: 14pt;\">El Proyecto de Presupuesto de Egresos de la Federaci\u00f3n (PPEF) 2025 propone un presupuesto total de\u00a09.22 billones de pesos, lo que supone una ca\u00edda de 1.9% en comparaci\u00f3n con lo aprobado para este a\u00f1o.<\/span><\/p>\n","protected":false},"excerpt":{"rendered":"<p>El gobierno de Claudia Sheinbaum destinar\u00e1, el siguiente a\u00f1o,\u00a011 de cada 100 pesos\u00a0del presupuesto a programas sociales y obras prioritarias, de acuerdo con lo expuesto en el Paquete Econ\u00f3mico 2025. El Proyecto de Presupuesto de Egresos de la Federaci\u00f3n (PPEF) 2025 propone un presupuesto total de\u00a09.22 billones de pesos, lo que supone una ca\u00edda de [&hellip;]<\/p>\n","protected":false},"author":4,"featured_media":44277,"comment_status":"closed","ping_status":"closed","sticky":false,"template":"","format":"standard","meta":{"_jetpack_newsletter_access":"","_jetpack_dont_email_post_to_subs":false,"_jetpack_newsletter_tier_id":0,"_jetpack_memberships_contains_paywalled_content":false,"_jetpack_feature_clip_id":0,"_jetpack_memberships_contains_paid_content":false,"footnotes":"","jetpack_publicize_message":"","jetpack_publicize_feature_enabled":true,"jetpack_social_post_already_shared":true,"jetpack_social_options":{"image_generator_settings":{"template":"highway","default_image_id":0,"font":"","enabled":false},"version":2},"jetpack_post_was_ever_published":false},"categories":[1947],"tags":[],"class_list":["post-44276","post","type-post","status-publish","format-standard","has-post-thumbnail","hentry","category-economia"],"jetpack_publicize_connections":[],"jetpack_sharing_enabled":true,"publishpress_future_action":{"enabled":false,"date":"2026-09-09 01:05:01","action":"change-status","newStatus":"draft","terms":[],"taxonomy":"category","extraData":[]},"publishpress_future_workflow_manual_trigger":{"enabledWorkflows":[]},"jetpack_featured_media_url":"https:\/\/noticiasveracruz.com\/wp-content\/uploads\/2024\/11\/67354a5b42559.png","_links":{"self":[{"href":"https:\/\/noticiasveracruz.com\/index.php\/wp-json\/wp\/v2\/posts\/44276","targetHints":{"allow":["GET"]}}],"collection":[{"href":"https:\/\/noticiasveracruz.com\/index.php\/wp-json\/wp\/v2\/posts"}],"about":[{"href":"https:\/\/noticiasveracruz.com\/index.php\/wp-json\/wp\/v2\/types\/post"}],"author":[{"embeddable":true,"href":"https:\/\/noticiasveracruz.com\/index.php\/wp-json\/wp\/v2\/users\/4"}],"replies":[{"embeddable":true,"href":"https:\/\/noticiasveracruz.com\/index.php\/wp-json\/wp\/v2\/comments?post=44276"}],"version-history":[{"count":0,"href":"https:\/\/noticiasveracruz.com\/index.php\/wp-json\/wp\/v2\/posts\/44276\/revisions"}],"wp:featuredmedia":[{"embeddable":true,"href":"https:\/\/noticiasveracruz.com\/index.php\/wp-json\/wp\/v2\/media\/44277"}],"wp:attachment":[{"href":"https:\/\/noticiasveracruz.com\/index.php\/wp-json\/wp\/v2\/media?parent=44276"}],"wp:term":[{"taxonomy":"category","embeddable":true,"href":"https:\/\/noticiasveracruz.com\/index.php\/wp-json\/wp\/v2\/categories?post=44276"},{"taxonomy":"post_tag","embeddable":true,"href":"https:\/\/noticiasveracruz.com\/index.php\/wp-json\/wp\/v2\/tags?post=44276"}],"curies":[{"name":"wp","href":"https:\/\/api.w.org\/{rel}","templated":true}]}}