{"id":4426,"date":"2022-05-18T05:42:47","date_gmt":"2022-05-18T10:42:47","guid":{"rendered":"https:\/\/noticiasveracruz.com\/?p=4426"},"modified":"2022-05-18T05:42:47","modified_gmt":"2022-05-18T10:42:47","slug":"despertar-para-danar","status":"publish","type":"post","link":"https:\/\/noticiasveracruz.com\/index.php\/2022\/05\/18\/despertar-para-danar\/","title":{"rendered":"Despertar para da\u00f1ar"},"content":{"rendered":"<p style=\"font-weight: 400;\">\n<p style=\"font-weight: 400;\"><strong><span style=\"font-size: 18pt;\">Por M\u00f3nica Camarena Crespo<\/span><\/strong><\/p>\n<p style=\"font-weight: 400;\"><span style=\"font-size: 14pt;\">El presidente Andr\u00e9s Manuel L\u00f3pez Obrador ha endurecido su discurso de odio en las ma\u00f1aneras; pareciera que el jefe del ejecutivo despierta para hacer da\u00f1o y enrarecer el ambiente en un pa\u00eds con miedo, violencia y mucha pobreza.<\/span><\/p>\n<p style=\"font-weight: 400;\"><span style=\"font-size: 14pt;\">Su pupilo, el menos competente y que cobra como gobernador de Veracruz ha decidido seguir el mismo camino y literalmente \u201cdarle en la torre\u201d a todo aquello que los veracruzanos valoran y aprecian.<\/span><\/p>\n<p style=\"font-weight: 400;\"><span style=\"font-size: 14pt;\">El Acuario de Veracruz y el arrebato que llev\u00f3 a su desaparici\u00f3n como fideicomiso para pasar a ser propiedad del gobierno del estado, quedar\u00e1 en la posteridad como una de las acciones m\u00e1s sucias del gobierno del Ingeniero Mec\u00e1nico Electricista, Cuitl\u00e1huac Garc\u00eda Jim\u00e9nez.<\/span><\/p>\n<p style=\"font-weight: 400;\"><span style=\"font-size: 14pt;\">Y es que el gobernador de Veracruz siguiendo el mismo patr\u00f3n a nivel federal, desde su llegada al poder se dio a la tarea de desaparecer todos los fideicomisos, con las afectaciones correspondientes. El del Acuario de Veracruz, era de los pocos que se hab\u00edan respetado, pero ya no fue as\u00ed y con pretextos sin raz\u00f3n, como la presunta muerte de un manat\u00ed, es que en <em>fast track<\/em>, en lo \u201coscurito\u201d Cuitl\u00e1huac declar\u00f3 la extinci\u00f3n del mismo.<\/span><\/p>\n<p style=\"font-weight: 400;\"><span style=\"font-size: 14pt;\">Incurren de nuevo en opacidad y muchos errores para arrebatar el Acuario y buscar convertirlo en otro negocio m\u00e1s de la 4T en Veracruz; pierden de vista el valor hist\u00f3rico que representa para los habitantes y el orgullo que ha significado a lo largo de 30 a\u00f1os.<\/span><\/p>\n<p style=\"font-weight: 400;\"><span style=\"font-size: 14pt;\">Para los veracruzanos representa una afrenta y seguramente un desaf\u00edo para las pr\u00f3ximas elecciones, por el golpe que significa atentar con un patrimonio que fue cuidado por la sociedad misma.<\/span><\/p>\n<p style=\"font-weight: 400;\"><span style=\"font-size: 14pt;\">Nada importa para el pupilo de AMLO, en Veracruz ahora no se toma en cuenta a nadie, se arrebata, se transgrede, se ofende con la fabricaci\u00f3n de delitos y los \u00edndices de violencia que crecen ante el estupor y el miedo.<\/span><\/p>\n<p style=\"font-weight: 400;\"><span style=\"font-size: 14pt;\">El Acuario y su secuestro a la mala no se podr\u00e1 olvidar, porque los que amanecen para da\u00f1ar no pueden quedar impunes.<\/span><\/p>\n<p>&nbsp;<\/p>\n<p style=\"font-weight: 400;\"><span style=\"font-size: 18pt;\"><strong>\u00c1GORA<\/strong><\/span><\/p>\n<p style=\"font-weight: 400;\"><span style=\"font-size: 14pt;\">Otra agresi\u00f3n y opacidad del gobierno de la no transformaci\u00f3n es la contrataci\u00f3n de m\u00e9dicos cubanos. Importante lo que posteo el ministro en retiro, Jos\u00e9 Ram\u00f3n Coss\u00edo \u201cPara que los m\u00e9dicos cubanos puedan ejercer en nuestro pa\u00eds, tienen que revalidar sus estudios. Si van a hacerlo como especialistas, tienen que obtener el correspondiente certificado. No hacerlo puede ser constitutivo de delito o falta administrativa\u201d.<\/span><\/p>\n<p style=\"font-weight: 400;\">\n<p>&nbsp;<\/p>\n<p style=\"font-weight: 400;\"><strong><span style=\"font-size: 18pt;\">Twitter: <a href=\"https:\/\/twitter.com\/Monicamarena\">@monicamarena<\/a><\/span><\/strong><\/p>\n<p>&nbsp;<\/p>\n<p>&nbsp;<\/p>\n<p>&nbsp;<\/p>\n<p>&nbsp;<\/p>\n<p>&nbsp;<\/p>\n<p>&nbsp;<\/p>\n","protected":false},"excerpt":{"rendered":"<p>Por M\u00f3nica Camarena Crespo El presidente Andr\u00e9s Manuel L\u00f3pez Obrador ha endurecido su discurso de odio en las ma\u00f1aneras; pareciera<\/p>\n","protected":false},"author":4,"featured_media":3554,"comment_status":"closed","ping_status":"closed","sticky":false,"template":"","format":"standard","meta":{"colormag_page_container_layout":"default_layout","colormag_page_sidebar_layout":"default_layout","_jetpack_memberships_contains_paid_content":false,"footnotes":"","jetpack_publicize_message":"","jetpack_publicize_feature_enabled":true,"jetpack_social_post_already_shared":false,"jetpack_social_options":{"image_generator_settings":{"template":"highway","default_image_id":0,"font":"","enabled":false},"version":2}},"categories":[6],"tags":[],"class_list":["post-4426","post","type-post","status-publish","format-standard","has-post-thumbnail","hentry","category-columnistas"],"jetpack_publicize_connections":[],"jetpack_featured_media_url":"https:\/\/noticiasveracruz.com\/wp-content\/uploads\/2022\/04\/MO\u0301NICA-CAMARENA-CRESPO-1.png","jetpack_sharing_enabled":true,"publishpress_future_action":{"enabled":false,"date":"2026-05-06 09:20:06","action":"change-status","newStatus":"draft","terms":[],"taxonomy":"category","extraData":[]},"publishpress_future_workflow_manual_trigger":{"enabledWorkflows":[]},"_links":{"self":[{"href":"https:\/\/noticiasveracruz.com\/index.php\/wp-json\/wp\/v2\/posts\/4426","targetHints":{"allow":["GET"]}}],"collection":[{"href":"https:\/\/noticiasveracruz.com\/index.php\/wp-json\/wp\/v2\/posts"}],"about":[{"href":"https:\/\/noticiasveracruz.com\/index.php\/wp-json\/wp\/v2\/types\/post"}],"author":[{"embeddable":true,"href":"https:\/\/noticiasveracruz.com\/index.php\/wp-json\/wp\/v2\/users\/4"}],"replies":[{"embeddable":true,"href":"https:\/\/noticiasveracruz.com\/index.php\/wp-json\/wp\/v2\/comments?post=4426"}],"version-history":[{"count":0,"href":"https:\/\/noticiasveracruz.com\/index.php\/wp-json\/wp\/v2\/posts\/4426\/revisions"}],"wp:featuredmedia":[{"embeddable":true,"href":"https:\/\/noticiasveracruz.com\/index.php\/wp-json\/wp\/v2\/media\/3554"}],"wp:attachment":[{"href":"https:\/\/noticiasveracruz.com\/index.php\/wp-json\/wp\/v2\/media?parent=4426"}],"wp:term":[{"taxonomy":"category","embeddable":true,"href":"https:\/\/noticiasveracruz.com\/index.php\/wp-json\/wp\/v2\/categories?post=4426"},{"taxonomy":"post_tag","embeddable":true,"href":"https:\/\/noticiasveracruz.com\/index.php\/wp-json\/wp\/v2\/tags?post=4426"}],"curies":[{"name":"wp","href":"https:\/\/api.w.org\/{rel}","templated":true}]}}