{"id":4419,"date":"2022-05-17T20:19:42","date_gmt":"2022-05-18T01:19:42","guid":{"rendered":"https:\/\/noticiasveracruz.com\/?p=4419"},"modified":"2022-05-17T20:37:26","modified_gmt":"2022-05-18T01:37:26","slug":"mexico-tiene-deficit-de-medicos-especialistas-alcocer","status":"publish","type":"post","link":"https:\/\/noticiasveracruz.com\/index.php\/2022\/05\/17\/mexico-tiene-deficit-de-medicos-especialistas-alcocer\/","title":{"rendered":"M\u00e9xico tiene d\u00e9ficit de m\u00e9dicos especialistas: Secretar\u00eda de Salud"},"content":{"rendered":"<p class=\"p1\"><span style=\"font-size: 14pt;\"><em><strong>Ciudad de M\u00e9xico.<\/strong><\/em> El secretario de Salud, <strong>Jorge Alcocer Varela<\/strong>, confirm\u00f3 que <strong>M\u00e9xico tiene d\u00e9ficit de m\u00e9dicas y m\u00e9dicos especialistas<\/strong>; en total hay <strong>135 mil 46 en los 31 estados de la Rep\u00fablica.<\/strong><\/span><\/p>\n<p class=\"p1\"><strong><span style=\"font-size: 18pt;\">De estos, 35 mil 474 se concentran en la Ciudad de M\u00e9xico, 19 mil 53 en el Estado de M\u00e9xico, 2 mil 279 en Quer\u00e9taro, mil 467 en Morelos y 663 en Tlaxcala.<\/span><\/strong><\/p>\n<figure id=\"attachment_5429\" aria-describedby=\"caption-attachment-5429\" style=\"width: 800px\" class=\"wp-caption aligncenter\"><img loading=\"lazy\" decoding=\"async\" class=\"wp-image-5429 size-large\" src=\"https:\/\/politicosaldesnudo.com.mx\/wp-content\/uploads\/2022\/05\/17-05-2022-Conferencia-de-prensa-matutina-Ciudad-de-Me\u0301xico-Foto-04-1024x683.jpeg\" alt=\"\" width=\"800\" height=\"534\" \/><figcaption id=\"caption-attachment-5429\" class=\"wp-caption-text\">Jorge Alcocer Varela, secretario de Salud.<\/figcaption><\/figure>\n<p>&nbsp;<\/p>\n<p class=\"p1\"><span style=\"font-size: 14pt;\">De acuerdo con recomendaciones internacionales, debe haber 235 m\u00e9dicos por cada 100 mil habitantes, por lo que se requieren m\u00e1s especialistas.<\/span><\/p>\n<p class=\"p1\"><strong><span style=\"font-size: 18pt;\">En conferencia de prensa matutina con el presidente Andr\u00e9s Manuel L\u00f3pez Obrador inform\u00f3 que actualmente hay 2 mil 678 plazas vacantes en el IMSS, las cuales se han reiterado por m\u00e1s de tres a\u00f1os y los m\u00e9dicos no aplican a estas argumentando cuestiones de seguridad o de lejan\u00eda.<\/span><\/strong><\/p>\n<blockquote>\n<p class=\"p1\"><span style=\"font-size: 14pt;\">\u201cY esto es lo que nos se\u00f1ala porqu\u00e9 se tiene que recurrir a otras modalidades como es la contrataci\u00f3n en el extranjero\u201d, remarc\u00f3.<\/span><\/p>\n<\/blockquote>\n<p>&nbsp;<\/p>\n<p class=\"p1\"><span style=\"font-size: 14pt;\">De acuerdo con recomendaciones internacionales, debe haber 235 m\u00e9dicos por cada 100 mil habitantes, por lo que se requieren m\u00e1s especialistas.<\/span><\/p>\n<p class=\"p1\"><strong><span style=\"font-size: 18pt;\">En conferencia de prensa matutina con el presidente Andr\u00e9s Manuel L\u00f3pez Obrador inform\u00f3 que actualmente hay 2 mil 678 plazas vacantes en el IMSS, las cuales se han reiterado por m\u00e1s de tres a\u00f1os y los m\u00e9dicos no aplican a estas argumentando cuestiones de seguridad o de lejan\u00eda.<\/span><\/strong><\/p>\n<blockquote>\n<p class=\"p1\"><span style=\"font-size: 14pt;\">\u201cY esto es lo que nos se\u00f1ala porqu\u00e9 se tiene que recurrir a otras modalidades como es la contrataci\u00f3n en el extranjero\u201d, remarc\u00f3.<\/span><\/p>\n<\/blockquote>\n<p>&nbsp;<\/p>\n<p class=\"p1\"><strong><span style=\"font-size: 18pt;\">M\u00c9DICOS CUBANOS\u00a0<\/span><\/strong><\/p>\n<p class=\"p1\"><span style=\"font-size: 14pt;\">En respuesta a las cr\u00edticas de un<strong> sector \u201cretr\u00f3grado y conservador\u201d<\/strong> por la contrataci\u00f3n de<strong> 500 m\u00e9dicos cubanos<\/strong>, el presidente Andr\u00e9s Manuel L\u00f3pez Obrador asever\u00f3 que la <strong>medida se toma debido al d\u00e9ficit que el pa\u00eds tiene de profesionales de la salud, que estim\u00f3 en 50 mil.<\/strong><\/span><\/p>\n<p class=\"p1\"><span style=\"font-size: 14pt;\">As\u00ed que se refiri\u00f3 a este tema a pregunta expresa y afirm\u00f3 que la falta de profesionales de la salud se debe a que el \u201csistema de corrupci\u00f3n\u201d durante los 36 a\u00f1os de r\u00e9gimen neoliberal dej\u00f3 de invertir en salud y educaci\u00f3n.<\/span><\/p>\n<blockquote>\n<p class=\"p1\"><span style=\"font-size: 14pt;\">Se\u00f1al\u00f3 que muchos de los galenos mexicanos no desean ir a zonas pobres y ejemplific\u00f3 con dos casos: \u201cNo puedo generalizar, m\u00e1s cuando los m\u00e9dicos, las enfermeras, la mayor\u00eda arriesg\u00f3 la vida en la pandemia. Ah, pero hay una \u00e9lite que tiene un pensamiento retr\u00f3grado. Es como el caso, con todo respeto, de mi alma mater, de la UNAM, enfrentamos la pandemia y en vez de convocar a todos los m\u00e9dicos estudiantes a ayudar se fueron a sus casas. Eso no lo deben hacer las universidades, ni p\u00fablicas ni privadas, pero mucho menos las p\u00fablicas y mucho menos la UNAM\u201d.<\/span><\/p>\n<\/blockquote>\n<p class=\"p1\"><span style=\"font-size: 14pt;\">Tambi\u00e9n puso sobre la mesa cuando propuso al Telet\u00f3n llevar un centro de rehabilitaci\u00f3n para ni\u00f1os con discapacidad a Tlapa, en la monta\u00f1a de Guerrero y una de las zonas de mayor marginaci\u00f3n del pa\u00eds; meses despu\u00e9s, esa fundaci\u00f3n le inform\u00f3 que no era posible debido a que ning\u00fan especialista deseaba ir a vivir y trabajar a esa regi\u00f3n. \u201cEntonces les dije: \u2018\u00bfy si yo les consigo los especialistas?\u2019 \u2018Ah, entonces, s\u00ed\u2019\u201d.<\/span><\/p>\n<p class=\"p1\"><strong><span style=\"font-size: 18pt;\">El mandatario federal refiri\u00f3 que aunque a\u00fan no se define el plan ni cu\u00e1ndo llegar\u00e1n, se prev\u00e9 que los galenos cubanos ir\u00e1n a las zonas de m\u00e1s alta marginaci\u00f3n.<\/span><\/strong><\/p>\n<p>&nbsp;<\/p>\n<p>&nbsp;<\/p>\n<p>&nbsp;<\/p>\n<p>&nbsp;<\/p>\n<p>&nbsp;<\/p>\n","protected":false},"excerpt":{"rendered":"<p>Ciudad de M\u00e9xico. El secretario de Salud, Jorge Alcocer Varela, confirm\u00f3 que M\u00e9xico tiene d\u00e9ficit de m\u00e9dicas y m\u00e9dicos especialistas;<\/p>\n","protected":false},"author":4,"featured_media":4424,"comment_status":"closed","ping_status":"closed","sticky":false,"template":"","format":"standard","meta":{"colormag_page_container_layout":"default_layout","colormag_page_sidebar_layout":"default_layout","_jetpack_memberships_contains_paid_content":false,"footnotes":"","jetpack_publicize_message":"","jetpack_publicize_feature_enabled":true,"jetpack_social_post_already_shared":false,"jetpack_social_options":{"image_generator_settings":{"template":"highway","default_image_id":0,"font":"","enabled":false},"version":2}},"categories":[4],"tags":[65,719,718],"class_list":["post-4419","post","type-post","status-publish","format-standard","has-post-thumbnail","hentry","category-nacional","tag-andres-manuel-lopez-obrador","tag-jorge-alcocer","tag-medicos"],"jetpack_publicize_connections":[],"jetpack_featured_media_url":"https:\/\/noticiasveracruz.com\/wp-content\/uploads\/2022\/05\/Mexico-contratara-500-medicos-cubanos-para-suplir-deficit-de-especialistas.jpeg","jetpack_sharing_enabled":true,"publishpress_future_action":{"enabled":false,"date":"2026-05-06 10:08:24","action":"change-status","newStatus":"draft","terms":[],"taxonomy":"category","extraData":[]},"publishpress_future_workflow_manual_trigger":{"enabledWorkflows":[]},"_links":{"self":[{"href":"https:\/\/noticiasveracruz.com\/index.php\/wp-json\/wp\/v2\/posts\/4419","targetHints":{"allow":["GET"]}}],"collection":[{"href":"https:\/\/noticiasveracruz.com\/index.php\/wp-json\/wp\/v2\/posts"}],"about":[{"href":"https:\/\/noticiasveracruz.com\/index.php\/wp-json\/wp\/v2\/types\/post"}],"author":[{"embeddable":true,"href":"https:\/\/noticiasveracruz.com\/index.php\/wp-json\/wp\/v2\/users\/4"}],"replies":[{"embeddable":true,"href":"https:\/\/noticiasveracruz.com\/index.php\/wp-json\/wp\/v2\/comments?post=4419"}],"version-history":[{"count":0,"href":"https:\/\/noticiasveracruz.com\/index.php\/wp-json\/wp\/v2\/posts\/4419\/revisions"}],"wp:featuredmedia":[{"embeddable":true,"href":"https:\/\/noticiasveracruz.com\/index.php\/wp-json\/wp\/v2\/media\/4424"}],"wp:attachment":[{"href":"https:\/\/noticiasveracruz.com\/index.php\/wp-json\/wp\/v2\/media?parent=4419"}],"wp:term":[{"taxonomy":"category","embeddable":true,"href":"https:\/\/noticiasveracruz.com\/index.php\/wp-json\/wp\/v2\/categories?post=4419"},{"taxonomy":"post_tag","embeddable":true,"href":"https:\/\/noticiasveracruz.com\/index.php\/wp-json\/wp\/v2\/tags?post=4419"}],"curies":[{"name":"wp","href":"https:\/\/api.w.org\/{rel}","templated":true}]}}