{"id":44183,"date":"2024-11-17T00:06:30","date_gmt":"2024-11-17T06:06:30","guid":{"rendered":"https:\/\/noticiasveracruz.com\/?p=44183"},"modified":"2024-11-16T22:24:00","modified_gmt":"2024-11-17T04:24:00","slug":"jamay-busca-convertirse-en-pueblo-magico-de-jalisco","status":"publish","type":"post","link":"https:\/\/noticiasveracruz.com\/index.php\/2024\/11\/17\/jamay-busca-convertirse-en-pueblo-magico-de-jalisco\/","title":{"rendered":"Jamay busca convertirse en Pueblo M\u00e1gico de Jalisco"},"content":{"rendered":"<p><span style=\"font-size: 14pt;\">Pese a que Jalisco es uno de los estados del pa\u00eds con mayor n\u00famero de Pueblos M\u00e1gicos -hasta ahora 12-, el municipio de Jamay en la Ribera de Chapala, se alista para recibir de la Secretar\u00eda de Turismo federal, dicho nombramiento.\u00a0<\/span><\/p>\n<p><span style=\"font-size: 14pt;\">\u00abEn los \u00faltimos a\u00f1os, Jamay ha tenido un crecimiento muy importante en lo que se refiere al turismo; tenemos el corredor gastron\u00f3mico m\u00e1s importante de la Ribera de Chapala, y tenemos uno de los tesoros naturales m\u00e1s importantes y bellos no solo de M\u00e9xico sino de todo el mundo, que es el Lago de Chapala\u00bb, coment\u00f3 a\u00a0<i>El Economista<\/i>, su presidente municipal, C\u00e9sar Molina Sahag\u00fan.<\/span><\/p>\n","protected":false},"excerpt":{"rendered":"<p>Pese a que Jalisco es uno de los estados del pa\u00eds con mayor n\u00famero de Pueblos M\u00e1gicos -hasta ahora 12-, el municipio de Jamay en la Ribera de Chapala, se alista para recibir de la Secretar\u00eda de Turismo federal, dicho nombramiento.\u00a0 \u00abEn los \u00faltimos a\u00f1os, Jamay ha tenido un crecimiento muy importante en lo que [&hellip;]<\/p>\n","protected":false},"author":4,"featured_media":44184,"comment_status":"closed","ping_status":"closed","sticky":false,"template":"","format":"standard","meta":{"_jetpack_newsletter_access":"","_jetpack_dont_email_post_to_subs":false,"_jetpack_newsletter_tier_id":0,"_jetpack_memberships_contains_paywalled_content":false,"_jetpack_feature_clip_id":0,"_jetpack_memberships_contains_paid_content":false,"footnotes":"","jetpack_publicize_message":"","jetpack_publicize_feature_enabled":true,"jetpack_social_post_already_shared":true,"jetpack_social_options":{"image_generator_settings":{"template":"highway","default_image_id":0,"font":"","enabled":false},"version":2},"jetpack_post_was_ever_published":false},"categories":[145],"tags":[],"class_list":["post-44183","post","type-post","status-publish","format-standard","has-post-thumbnail","hentry","category-estados"],"jetpack_publicize_connections":[],"jetpack_sharing_enabled":true,"publishpress_future_action":{"enabled":false,"date":"2026-09-10 12:31:57","action":"change-status","newStatus":"draft","terms":[],"taxonomy":"category","extraData":[]},"publishpress_future_workflow_manual_trigger":{"enabledWorkflows":[]},"jetpack_featured_media_url":"https:\/\/noticiasveracruz.com\/wp-content\/uploads\/2024\/11\/6738ea06f107e.jpeg","_links":{"self":[{"href":"https:\/\/noticiasveracruz.com\/index.php\/wp-json\/wp\/v2\/posts\/44183","targetHints":{"allow":["GET"]}}],"collection":[{"href":"https:\/\/noticiasveracruz.com\/index.php\/wp-json\/wp\/v2\/posts"}],"about":[{"href":"https:\/\/noticiasveracruz.com\/index.php\/wp-json\/wp\/v2\/types\/post"}],"author":[{"embeddable":true,"href":"https:\/\/noticiasveracruz.com\/index.php\/wp-json\/wp\/v2\/users\/4"}],"replies":[{"embeddable":true,"href":"https:\/\/noticiasveracruz.com\/index.php\/wp-json\/wp\/v2\/comments?post=44183"}],"version-history":[{"count":0,"href":"https:\/\/noticiasveracruz.com\/index.php\/wp-json\/wp\/v2\/posts\/44183\/revisions"}],"wp:featuredmedia":[{"embeddable":true,"href":"https:\/\/noticiasveracruz.com\/index.php\/wp-json\/wp\/v2\/media\/44184"}],"wp:attachment":[{"href":"https:\/\/noticiasveracruz.com\/index.php\/wp-json\/wp\/v2\/media?parent=44183"}],"wp:term":[{"taxonomy":"category","embeddable":true,"href":"https:\/\/noticiasveracruz.com\/index.php\/wp-json\/wp\/v2\/categories?post=44183"},{"taxonomy":"post_tag","embeddable":true,"href":"https:\/\/noticiasveracruz.com\/index.php\/wp-json\/wp\/v2\/tags?post=44183"}],"curies":[{"name":"wp","href":"https:\/\/api.w.org\/{rel}","templated":true}]}}