{"id":4415,"date":"2022-05-17T20:06:35","date_gmt":"2022-05-18T01:06:35","guid":{"rendered":"https:\/\/noticiasveracruz.com\/?p=4415"},"modified":"2022-05-17T20:08:01","modified_gmt":"2022-05-18T01:08:01","slug":"por-matanza-en-buffalo-supremacismo-blanco-es-un-veneno-biden","status":"publish","type":"post","link":"https:\/\/noticiasveracruz.com\/index.php\/2022\/05\/17\/por-matanza-en-buffalo-supremacismo-blanco-es-un-veneno-biden\/","title":{"rendered":"Por matanza en Buffalo, supremacismo blanco es un veneno: Joe Biden"},"content":{"rendered":"<p class=\"p1\"><span style=\"font-size: 14pt;\"><em><strong>Buffalo.<\/strong><\/em> <strong>Joe Biden<\/strong> denunci\u00f3 con dureza el <strong>\u201cveneno\u201d del supremacismo blanco<\/strong> y a quienes contribuyen a propagarlo, tras la matanza racista que dej\u00f3 el s\u00e1bado diez v\u00edctimas mortales en Buffalo.<\/span><\/p>\n<p class=\"p1\"><strong><span style=\"font-size: 18pt;\">En esta ciudad del estado de Nueva York un joven seguidor de las teor\u00edas conspirativas perpetr\u00f3 la matanza con un fusil de asalto, que el presidente estadounidense calific\u00f3 de \u201cterrorismo interno\u201d.<\/span><\/strong><\/p>\n<p>&nbsp;<\/p>\n<p><img loading=\"lazy\" decoding=\"async\" class=\"aligncenter wp-image-5425 size-large\" src=\"https:\/\/politicosaldesnudo.com.mx\/wp-content\/uploads\/2022\/05\/6283b545751bb.image_-1024x816.jpg\" alt=\"\" width=\"800\" height=\"638\" \/><\/p>\n<p>&nbsp;<\/p>\n<p class=\"p1\"><span style=\"font-size: 14pt;\"><strong>Un solemne y emocionado Biden aludi\u00f3 a los seguidores del \u201cgran remplazo\u201d<\/strong>, teor\u00eda conspirativa de extrema derecha seg\u00fan la cual la poblaci\u00f3n blanca y cristiana est\u00e1 siendo sistem\u00e1ticamente reemplazada con pueblos de ascendencia no europea.<\/span><\/p>\n<p class=\"p1\"><strong><span style=\"font-size: 18pt;\">\u201cInsto a todos los estadounidenses a que rechacen esta mentira y condeno a todos los que la propagan para ganar poder, votos y dinero\u201d, asever\u00f3.<\/span><\/strong><\/p>\n<p class=\"p1\"><strong><span style=\"font-size: 18pt;\">\u201cAquellos que pretenden amar a Estados Unidos han dado alimentado demasiado al odio y al miedo\u201d, dijo el dem\u00f3crata de 79 a\u00f1os, sin mencionar nombres ni afiliaciones pol\u00edticas.<\/span><\/strong><\/p>\n<blockquote>\n<p class=\"p1\"><span style=\"font-size: 14pt;\">\u201cEste veneno, esta violencia no puede ser la historia de nuestra \u00e9poca\u201d, inst\u00f3 Biden, con el tel\u00f3n de fondo de las matanzas que ha vivido el pa\u00eds en los \u00faltimos a\u00f1os contra afroestadounidenses, latinoamericanos y jud\u00edos.<\/span><\/p>\n<\/blockquote>\n<p>&nbsp;<\/p>\n<p class=\"p1\"><span style=\"font-size: 18pt;\"><strong>PROHIBIR LAS ARMAS<\/strong><\/span><\/p>\n<p class=\"p1\"><span style=\"font-size: 14pt;\">Biden inici\u00f3 su discurso buscando reconfortar a las familias de las v\u00edctimas: \u201cllegar\u00e1 el momento\u201d en que el recuerdo de aquellos que ya no est\u00e1n \u201cdibujar\u00e1 una sonrisa en los labios antes de que aparezcan las l\u00e1grimas\u201d, dijo el presidente, cuya vida est\u00e1 salpicada de dramas familiares.<\/span><\/p>\n<p class=\"p1\"><span style=\"font-size: 14pt;\">Tras mencionar a cada una de las <strong>v\u00edctimas del tiroteo<\/strong>, record\u00f3 sus peque\u00f1as historias: una muri\u00f3 cuando \u201ccompraba fresas para hacer su reposter\u00eda preferida\u201d, otra estaba buscando comida para una \u201cvelada de cine en familia\u201d, un pap\u00e1 muri\u00f3 cuando estaba comprando una \u201ctorta de cumplea\u00f1os\u201d para su hijito.<\/span><\/p>\n<p class=\"p1\"><span style=\"font-size: 14pt;\">Vidas que estaban al servicio de una comunidad y de sus familias, como la de una anciana que cada d\u00eda iba a atender a su marido en una residencia de ancianos, o el guardia de seguridad que trat\u00f3 de detener al asesino perdiendo en ello la vida, evoc\u00f3.<\/span><\/p>\n<p class=\"p1\"><strong><span style=\"font-size: 14pt;\">Poco antes, el presidente y su esposa Jill Biden se detuvieron un momento ante el memorial improvisado en el lugar de la matanza.<\/span><\/strong><\/p>\n<p>&nbsp;<\/p>\n<p><img loading=\"lazy\" decoding=\"async\" class=\"aligncenter wp-image-5422 size-large\" src=\"https:\/\/politicosaldesnudo.com.mx\/wp-content\/uploads\/2022\/05\/P-BIDENBUFFALO2-1024x573.png\" alt=\"\" width=\"800\" height=\"448\" \/><\/p>\n<p>&nbsp;<\/p>\n<p class=\"p1\"><span style=\"font-size: 14pt;\">Bajo un sol deslumbrante, se acercaron a la monta\u00f1a de flores, mensajes y velas que la gente ha ido dejando al pie de un \u00e1rbol en medio de un silencio roto por el viento y los clics de las c\u00e1maras de los fot\u00f3grafos.<\/span><\/p>\n<p class=\"p1\"><span style=\"font-size: 14pt;\">La primera dama deposit\u00f3 un ramo de flores blancas. Joe Biden se santigu\u00f3 tras retirar sus gafas de sol.<\/span><\/p>\n<p class=\"p1\"><strong><span style=\"font-size: 18pt;\">El presidente inst\u00f3 de nuevo a regular las armas de fuego: \u201cNo soy ingenuo. S\u00e9 que la tragedia se volver\u00e1 a producir (&#8230;) Pero hay cosas que podemos hacer. Podemos prohibir las armas de asalto en nuestras calles\u201d, dijo.<\/span><\/strong><\/p>\n<p class=\"p1\"><span style=\"font-size: 14pt;\">El dem\u00f3crata pide desde hace tiempo al Congreso que proh\u00edba las armas de asalto, como la utilizada el s\u00e1bado, al igual que lo hizo Nueva Zelanda tras la matanza racista contra mezquitas en Christchurch en 2019, y que habr\u00eda inspirado al presunto asesino de Buffalo, Payton Gendron, de 18 a\u00f1os.<\/span><\/p>\n<p>&nbsp;<\/p>\n<p><img loading=\"lazy\" decoding=\"async\" class=\"wp-image-5423 size-large aligncenter\" src=\"https:\/\/politicosaldesnudo.com.mx\/wp-content\/uploads\/2022\/05\/P-BIDENBUFFALO3-1024x573.png\" alt=\"\" width=\"800\" height=\"448\" \/><\/p>\n<p>&nbsp;<\/p>\n<p class=\"p1\"><strong><span style=\"font-size: 18pt;\">Biden quiere asimismo hacer obligatoria la verificaci\u00f3n de antecedentes penales y psiqui\u00e1tricos de las personas que compran armas de fuego.<\/span><\/strong><\/p>\n<p class=\"p1\"><span style=\"font-size: 14pt;\">Pero todas estas iniciativas se han topado con la oposici\u00f3n Republicana contraria a cualquier regulaci\u00f3n.<\/span><\/p>\n<p>&nbsp;<\/p>\n<p>&nbsp;<\/p>\n<p>&nbsp;<\/p>\n<p>&nbsp;<\/p>\n","protected":false},"excerpt":{"rendered":"<p>Buffalo. Joe Biden denunci\u00f3 con dureza el \u201cveneno\u201d del supremacismo blanco y a quienes contribuyen a propagarlo, tras la matanza<\/p>\n","protected":false},"author":4,"featured_media":4416,"comment_status":"closed","ping_status":"closed","sticky":false,"template":"","format":"standard","meta":{"colormag_page_container_layout":"default_layout","colormag_page_sidebar_layout":"default_layout","_jetpack_memberships_contains_paid_content":false,"footnotes":"","jetpack_publicize_message":"","jetpack_publicize_feature_enabled":true,"jetpack_social_post_already_shared":false,"jetpack_social_options":{"image_generator_settings":{"template":"highway","default_image_id":0,"font":"","enabled":false},"version":2}},"categories":[355],"tags":[716,152,19,717],"class_list":["post-4415","post","type-post","status-publish","format-standard","has-post-thumbnail","hentry","category-internacional","tag-buffalo","tag-eu","tag-joe-biden","tag-supremacia"],"jetpack_publicize_connections":[],"jetpack_featured_media_url":"https:\/\/noticiasveracruz.com\/wp-content\/uploads\/2022\/05\/P-BIDENBUFFALO4.png","jetpack_sharing_enabled":true,"publishpress_future_action":{"enabled":false,"date":"2026-05-06 10:55:59","action":"change-status","newStatus":"draft","terms":[],"taxonomy":"category","extraData":[]},"publishpress_future_workflow_manual_trigger":{"enabledWorkflows":[]},"_links":{"self":[{"href":"https:\/\/noticiasveracruz.com\/index.php\/wp-json\/wp\/v2\/posts\/4415","targetHints":{"allow":["GET"]}}],"collection":[{"href":"https:\/\/noticiasveracruz.com\/index.php\/wp-json\/wp\/v2\/posts"}],"about":[{"href":"https:\/\/noticiasveracruz.com\/index.php\/wp-json\/wp\/v2\/types\/post"}],"author":[{"embeddable":true,"href":"https:\/\/noticiasveracruz.com\/index.php\/wp-json\/wp\/v2\/users\/4"}],"replies":[{"embeddable":true,"href":"https:\/\/noticiasveracruz.com\/index.php\/wp-json\/wp\/v2\/comments?post=4415"}],"version-history":[{"count":0,"href":"https:\/\/noticiasveracruz.com\/index.php\/wp-json\/wp\/v2\/posts\/4415\/revisions"}],"wp:featuredmedia":[{"embeddable":true,"href":"https:\/\/noticiasveracruz.com\/index.php\/wp-json\/wp\/v2\/media\/4416"}],"wp:attachment":[{"href":"https:\/\/noticiasveracruz.com\/index.php\/wp-json\/wp\/v2\/media?parent=4415"}],"wp:term":[{"taxonomy":"category","embeddable":true,"href":"https:\/\/noticiasveracruz.com\/index.php\/wp-json\/wp\/v2\/categories?post=4415"},{"taxonomy":"post_tag","embeddable":true,"href":"https:\/\/noticiasveracruz.com\/index.php\/wp-json\/wp\/v2\/tags?post=4415"}],"curies":[{"name":"wp","href":"https:\/\/api.w.org\/{rel}","templated":true}]}}