{"id":44003,"date":"2024-11-14T00:13:52","date_gmt":"2024-11-14T06:13:52","guid":{"rendered":"https:\/\/noticiasveracruz.com\/?p=44003"},"modified":"2024-11-13T18:38:10","modified_gmt":"2024-11-14T00:38:10","slug":"ramirez-de-la-o-rinde-protesta-en-san-lazaro-para-continuar-como-secretario-de-hacienda","status":"publish","type":"post","link":"https:\/\/noticiasveracruz.com\/index.php\/2024\/11\/14\/ramirez-de-la-o-rinde-protesta-en-san-lazaro-para-continuar-como-secretario-de-hacienda\/","title":{"rendered":"Ram\u00edrez de la O rinde protesta en San L\u00e1zaro para continuar como secretario de Hacienda"},"content":{"rendered":"<p><span style=\"font-size: 14pt;\">Rogelio Ram\u00edrez de la O, economista que lleg\u00f3 al frente de la Secretar\u00eda de Hacienda y Cr\u00e9dito P\u00fablico (SHCP)\u00a0en el sexenio pasado,\u00a0rindi\u00f3 protesta en el pleno de la C\u00e1mara de Diputados para continuar con su cargo durante el gobierno de\u00a0Claudia Sheinbaum.\u00a0\u00a0<\/span><\/p>\n<p><span style=\"font-size: 14pt;\">Luego de que ayer se presentara en la Comisi\u00f3n de Hacienda y Cr\u00e9dito P\u00fablico de San L\u00e1zaro, y fuera\u00a0ratificado por el pleno junto con otros 11 funcionarios\u00a0de la SHCP y del Servicio de Administraci\u00f3n Tributaria (SAT), Ram\u00edrez de la O rindi\u00f3 protesta frente a las y los legisladores.<\/span><\/p>\n<p><span style=\"font-size: 14pt;\">Adem\u00e1s de \u00e9l, se ratific\u00f3 a\u00a0Edgar Amador Zamora\u00a0como subsecretario de Hacienda; a\u00a0Bertha Mar\u00eda G\u00f3mez\u00a0como subsecretaria de Egresos; a\u00a0Mar\u00eda del Carmen Bonilla Rodr\u00edguez\u00a0como titular de la Unidad de Cr\u00e9dito P\u00fablico y Asuntos Internacionales de Hacienda, as\u00ed como a\u00a0Fernando Renoir Baca Rivera, de la Unidad de Coordinaci\u00f3n con Entidades Federativas.<\/span><\/p>\n","protected":false},"excerpt":{"rendered":"<p>Rogelio Ram\u00edrez de la O, economista que lleg\u00f3 al frente de la Secretar\u00eda de Hacienda y Cr\u00e9dito P\u00fablico (SHCP)\u00a0en el sexenio pasado,\u00a0rindi\u00f3 protesta en el pleno de la C\u00e1mara de Diputados para continuar con su cargo durante el gobierno de\u00a0Claudia Sheinbaum.\u00a0\u00a0 Luego de que ayer se presentara en la Comisi\u00f3n de Hacienda y Cr\u00e9dito P\u00fablico [&hellip;]<\/p>\n","protected":false},"author":4,"featured_media":44004,"comment_status":"closed","ping_status":"closed","sticky":false,"template":"","format":"standard","meta":{"_jetpack_newsletter_access":"","_jetpack_dont_email_post_to_subs":false,"_jetpack_newsletter_tier_id":0,"_jetpack_memberships_contains_paywalled_content":false,"_jetpack_feature_clip_id":0,"_jetpack_memberships_contains_paid_content":false,"footnotes":"","jetpack_publicize_message":"","jetpack_publicize_feature_enabled":true,"jetpack_social_post_already_shared":true,"jetpack_social_options":{"image_generator_settings":{"template":"highway","default_image_id":0,"font":"","enabled":false},"version":2},"jetpack_post_was_ever_published":false},"categories":[1947],"tags":[],"class_list":["post-44003","post","type-post","status-publish","format-standard","has-post-thumbnail","hentry","category-economia"],"jetpack_publicize_connections":[],"jetpack_sharing_enabled":true,"publishpress_future_action":{"enabled":false,"date":"2026-09-09 00:18:55","action":"change-status","newStatus":"draft","terms":[],"taxonomy":"category","extraData":[]},"publishpress_future_workflow_manual_trigger":{"enabledWorkflows":[]},"jetpack_featured_media_url":"https:\/\/noticiasveracruz.com\/wp-content\/uploads\/2024\/11\/6734f9c462ae8.r_d.1057-278.png","_links":{"self":[{"href":"https:\/\/noticiasveracruz.com\/index.php\/wp-json\/wp\/v2\/posts\/44003","targetHints":{"allow":["GET"]}}],"collection":[{"href":"https:\/\/noticiasveracruz.com\/index.php\/wp-json\/wp\/v2\/posts"}],"about":[{"href":"https:\/\/noticiasveracruz.com\/index.php\/wp-json\/wp\/v2\/types\/post"}],"author":[{"embeddable":true,"href":"https:\/\/noticiasveracruz.com\/index.php\/wp-json\/wp\/v2\/users\/4"}],"replies":[{"embeddable":true,"href":"https:\/\/noticiasveracruz.com\/index.php\/wp-json\/wp\/v2\/comments?post=44003"}],"version-history":[{"count":0,"href":"https:\/\/noticiasveracruz.com\/index.php\/wp-json\/wp\/v2\/posts\/44003\/revisions"}],"wp:featuredmedia":[{"embeddable":true,"href":"https:\/\/noticiasveracruz.com\/index.php\/wp-json\/wp\/v2\/media\/44004"}],"wp:attachment":[{"href":"https:\/\/noticiasveracruz.com\/index.php\/wp-json\/wp\/v2\/media?parent=44003"}],"wp:term":[{"taxonomy":"category","embeddable":true,"href":"https:\/\/noticiasveracruz.com\/index.php\/wp-json\/wp\/v2\/categories?post=44003"},{"taxonomy":"post_tag","embeddable":true,"href":"https:\/\/noticiasveracruz.com\/index.php\/wp-json\/wp\/v2\/tags?post=44003"}],"curies":[{"name":"wp","href":"https:\/\/api.w.org\/{rel}","templated":true}]}}