{"id":43943,"date":"2024-11-13T00:01:22","date_gmt":"2024-11-13T06:01:22","guid":{"rendered":"https:\/\/noticiasveracruz.com\/?p=43943"},"modified":"2024-11-12T19:35:22","modified_gmt":"2024-11-13T01:35:22","slug":"siguen-los-dias-de-calor","status":"publish","type":"post","link":"https:\/\/noticiasveracruz.com\/index.php\/2024\/11\/13\/siguen-los-dias-de-calor\/","title":{"rendered":"Siguen los d\u00edas de calor"},"content":{"rendered":"<p><span style=\"font-size: 14pt;\">Los d\u00edas c\u00e1lidos van a continuar en el municipio tuxpe\u00f1os, con horarios de sol prolongado; sin embargo, un nuevo frente fr\u00edo podr\u00eda refrescar las noches y presentar algunos chubascos a mitad de la semana, de acuerdo con el pron\u00f3stico emitido por las autoridades de Protecci\u00f3n Civil del estado.<\/span><\/p>\n<p><span style=\"font-size: 14pt;\">Se prev\u00e9 una semana con cambios en el clima en Veracruz, caracterizada por lluvias menores al promedio y temperaturas m\u00e1ximas por encima de lo normal. La excepci\u00f3n ser\u00e1 la zona sur, donde se esperan lluvias moderadas.<\/span><\/p>\n<p><span style=\"font-size: 14pt;\">Al inicio de la semana, el potencial de lluvias ser\u00e1 bajo en la mayor parte del estado, con viento del Noreste y Noreste moderado en costas y olaje elevado de 1 a 1.5 metros cerca del litoral. El ambiente diurno ser\u00e1 c\u00e1lido.<\/span><\/p>\n<p><span style=\"font-size: 14pt;\">Entre el mi\u00e9rcoles y viernes, se anticipa un aumento en el potencial de lluvias y la intensificaci\u00f3n del viento del Norte, con rachas frescas en costas. Esto se debe a la llegada del frente fr\u00edo n\u00famero 9, una vaguada prefrontal y un ligero escurrimiento de aire fr\u00edo.<\/span><\/p>\n<p><span style=\"font-size: 14pt;\">Para el fin de semana, se espera una disminuci\u00f3n en el potencial de lluvias y el viento del Norte y Noreste en costas retornar\u00e1 a sus valores normales.<\/span><\/p>\n<p><span style=\"font-size: 14pt;\">Se recomienda estar atento a las actualizaciones meteorol\u00f3gicas y tomar precauciones necesarias para enfrentar los cambios clim\u00e1ticos.<\/span><\/p>\n","protected":false},"excerpt":{"rendered":"<p>Los d\u00edas c\u00e1lidos van a continuar en el municipio tuxpe\u00f1os, con horarios de sol prolongado; sin embargo, un nuevo frente<\/p>\n","protected":false},"author":4,"featured_media":43944,"comment_status":"closed","ping_status":"closed","sticky":false,"template":"","format":"standard","meta":{"colormag_page_container_layout":"default_layout","colormag_page_sidebar_layout":"default_layout","_jetpack_memberships_contains_paid_content":false,"footnotes":"","jetpack_publicize_message":"","jetpack_publicize_feature_enabled":true,"jetpack_social_post_already_shared":true,"jetpack_social_options":{"image_generator_settings":{"template":"highway","default_image_id":0,"font":"","enabled":false},"version":2}},"categories":[356],"tags":[],"class_list":["post-43943","post","type-post","status-publish","format-standard","has-post-thumbnail","hentry","category-veracruz"],"jetpack_publicize_connections":[],"jetpack_featured_media_url":"https:\/\/noticiasveracruz.com\/wp-content\/uploads\/2024\/11\/5c-2.jpg","jetpack_sharing_enabled":true,"publishpress_future_action":{"enabled":false,"date":"2026-05-08 12:57:42","action":"change-status","newStatus":"draft","terms":[],"taxonomy":"category","extraData":[]},"publishpress_future_workflow_manual_trigger":{"enabledWorkflows":[]},"_links":{"self":[{"href":"https:\/\/noticiasveracruz.com\/index.php\/wp-json\/wp\/v2\/posts\/43943","targetHints":{"allow":["GET"]}}],"collection":[{"href":"https:\/\/noticiasveracruz.com\/index.php\/wp-json\/wp\/v2\/posts"}],"about":[{"href":"https:\/\/noticiasveracruz.com\/index.php\/wp-json\/wp\/v2\/types\/post"}],"author":[{"embeddable":true,"href":"https:\/\/noticiasveracruz.com\/index.php\/wp-json\/wp\/v2\/users\/4"}],"replies":[{"embeddable":true,"href":"https:\/\/noticiasveracruz.com\/index.php\/wp-json\/wp\/v2\/comments?post=43943"}],"version-history":[{"count":0,"href":"https:\/\/noticiasveracruz.com\/index.php\/wp-json\/wp\/v2\/posts\/43943\/revisions"}],"wp:featuredmedia":[{"embeddable":true,"href":"https:\/\/noticiasveracruz.com\/index.php\/wp-json\/wp\/v2\/media\/43944"}],"wp:attachment":[{"href":"https:\/\/noticiasveracruz.com\/index.php\/wp-json\/wp\/v2\/media?parent=43943"}],"wp:term":[{"taxonomy":"category","embeddable":true,"href":"https:\/\/noticiasveracruz.com\/index.php\/wp-json\/wp\/v2\/categories?post=43943"},{"taxonomy":"post_tag","embeddable":true,"href":"https:\/\/noticiasveracruz.com\/index.php\/wp-json\/wp\/v2\/tags?post=43943"}],"curies":[{"name":"wp","href":"https:\/\/api.w.org\/{rel}","templated":true}]}}