{"id":43883,"date":"2024-11-12T10:46:15","date_gmt":"2024-11-12T16:46:15","guid":{"rendered":"https:\/\/noticiasveracruz.com\/?p=43883"},"modified":"2024-11-12T10:46:15","modified_gmt":"2024-11-12T16:46:15","slug":"nombramiento-de-oficial-mayor-del-ayuntamiento-de-tuxpan-al-lic-daniel-francisco-hernandez","status":"publish","type":"post","link":"https:\/\/noticiasveracruz.com\/index.php\/2024\/11\/12\/nombramiento-de-oficial-mayor-del-ayuntamiento-de-tuxpan-al-lic-daniel-francisco-hernandez\/","title":{"rendered":"Nombramiento de Oficial Mayor del Ayuntamiento de Tuxpan al Lic. Daniel Francisco Hern\u00e1ndez"},"content":{"rendered":"<p><span style=\"font-size: 14pt;\">El presidente municipal Dr. Jes\u00fas Fomperoza Torres nombr\u00f3 al Lic. Daniel Francisco Hern\u00e1ndez, Oficial Mayor del Ayuntamiento de Tuxpan. Este nombramiento entrar\u00e1 en vigor ma\u00f1ana martes 12 de noviembre.<\/span><\/p>\n<p><span style=\"font-size: 14pt;\">\u201cS\u00e9 que habr\u00e1 de desempe\u00f1ar esta responsabilidad con integridad, eficacia, transparencia y con un firme compromiso de servir a la ciudadan\u00eda\u201d, dijo el alcalde.<\/span><\/p>\n","protected":false},"excerpt":{"rendered":"<p>El presidente municipal Dr. Jes\u00fas Fomperoza Torres nombr\u00f3 al Lic. Daniel Francisco Hern\u00e1ndez, Oficial Mayor del Ayuntamiento de Tuxpan. Este<\/p>\n","protected":false},"author":4,"featured_media":43884,"comment_status":"closed","ping_status":"closed","sticky":false,"template":"","format":"standard","meta":{"colormag_page_container_layout":"default_layout","colormag_page_sidebar_layout":"default_layout","_jetpack_memberships_contains_paid_content":false,"footnotes":"","jetpack_publicize_message":"","jetpack_publicize_feature_enabled":true,"jetpack_social_post_already_shared":true,"jetpack_social_options":{"image_generator_settings":{"template":"highway","default_image_id":0,"font":"","enabled":false},"version":2}},"categories":[3372,356],"tags":[],"class_list":["post-43883","post","type-post","status-publish","format-standard","has-post-thumbnail","hentry","category-gobierno-tuxpan","category-veracruz"],"jetpack_publicize_connections":[],"jetpack_featured_media_url":"https:\/\/noticiasveracruz.com\/wp-content\/uploads\/2024\/11\/7db2ff9c-f26a-41d8-b9ee-e6deef4bd925.jpg","jetpack_sharing_enabled":true,"publishpress_future_action":{"enabled":false,"date":"2026-05-08 11:58:05","action":"change-status","newStatus":"draft","terms":[],"taxonomy":"category","extraData":[]},"publishpress_future_workflow_manual_trigger":{"enabledWorkflows":[]},"_links":{"self":[{"href":"https:\/\/noticiasveracruz.com\/index.php\/wp-json\/wp\/v2\/posts\/43883","targetHints":{"allow":["GET"]}}],"collection":[{"href":"https:\/\/noticiasveracruz.com\/index.php\/wp-json\/wp\/v2\/posts"}],"about":[{"href":"https:\/\/noticiasveracruz.com\/index.php\/wp-json\/wp\/v2\/types\/post"}],"author":[{"embeddable":true,"href":"https:\/\/noticiasveracruz.com\/index.php\/wp-json\/wp\/v2\/users\/4"}],"replies":[{"embeddable":true,"href":"https:\/\/noticiasveracruz.com\/index.php\/wp-json\/wp\/v2\/comments?post=43883"}],"version-history":[{"count":0,"href":"https:\/\/noticiasveracruz.com\/index.php\/wp-json\/wp\/v2\/posts\/43883\/revisions"}],"wp:featuredmedia":[{"embeddable":true,"href":"https:\/\/noticiasveracruz.com\/index.php\/wp-json\/wp\/v2\/media\/43884"}],"wp:attachment":[{"href":"https:\/\/noticiasveracruz.com\/index.php\/wp-json\/wp\/v2\/media?parent=43883"}],"wp:term":[{"taxonomy":"category","embeddable":true,"href":"https:\/\/noticiasveracruz.com\/index.php\/wp-json\/wp\/v2\/categories?post=43883"},{"taxonomy":"post_tag","embeddable":true,"href":"https:\/\/noticiasveracruz.com\/index.php\/wp-json\/wp\/v2\/tags?post=43883"}],"curies":[{"name":"wp","href":"https:\/\/api.w.org\/{rel}","templated":true}]}}