{"id":43880,"date":"2024-11-12T00:17:00","date_gmt":"2024-11-12T06:17:00","guid":{"rendered":"https:\/\/noticiasveracruz.com\/?p=43880"},"modified":"2024-11-11T20:57:10","modified_gmt":"2024-11-12T02:57:10","slug":"sheinbaum-contactara-a-equipo-de-trump-tras-anunciar-a-tom-homan-como-zar-de-las-fronteras","status":"publish","type":"post","link":"https:\/\/noticiasveracruz.com\/index.php\/2024\/11\/12\/sheinbaum-contactara-a-equipo-de-trump-tras-anunciar-a-tom-homan-como-zar-de-las-fronteras\/","title":{"rendered":"Sheinbaum contactar\u00e1 a equipo de Trump tras anunciar a Tom Homan como zar de las fronteras"},"content":{"rendered":"<p><span style=\"font-size: 14pt;\">La presidenta\u00a0Claudia Sheinbaum\u00a0revel\u00f3 este lunes que su Gobierno contactar\u00e1 al\u00a0equipo de transici\u00f3n\u00a0del futuro mandatario de Estados Unidos,\u00a0Donald Trump, y que\u00a0defender\u00e1\u00a0a los migrantes mexicanos en ese pa\u00eds.<\/span><\/p>\n<p><span style=\"font-size: 14pt;\">Sheinbaum hizo este anuncio horas despu\u00e9s de que\u00a0Trump\u00a0inform\u00f3 del nombramiento del pr\u00f3ximo \u00abzar de la frontera\u00bb,\u00a0Tom Homan, quien fue director del\u00a0Servicio de Inmigraci\u00f3n y Control de Aduanas (ICE)\u00a0en la primera presidencia del republicano (2017-2021), cuando\u00a0instaur\u00f3 la pol\u00edtica de separaci\u00f3n de familias migrantes.<\/span><\/p>\n<p><span style=\"font-size: 14pt;\">\u00abVamos a buscar ponernos en contacto con el equipo de transici\u00f3n del presidente Trump previo a que entre al Gobierno. Nosotros siempre vamos a\u00a0defender a las y los mexicanos que est\u00e1n del otro de lado de la frontera, que adem\u00e1s son\u00a0necesarios para la econom\u00eda de Estados Unidos\u00bb, declar\u00f3 la mandataria en su conferencia matutina.<\/span><\/p>\n","protected":false},"excerpt":{"rendered":"<p>La presidenta\u00a0Claudia Sheinbaum\u00a0revel\u00f3 este lunes que su Gobierno contactar\u00e1 al\u00a0equipo de transici\u00f3n\u00a0del futuro mandatario de Estados Unidos,\u00a0Donald Trump, y que\u00a0defender\u00e1\u00a0a<\/p>\n","protected":false},"author":4,"featured_media":43881,"comment_status":"closed","ping_status":"closed","sticky":false,"template":"","format":"standard","meta":{"colormag_page_container_layout":"default_layout","colormag_page_sidebar_layout":"default_layout","_jetpack_memberships_contains_paid_content":false,"footnotes":"","jetpack_publicize_message":"","jetpack_publicize_feature_enabled":true,"jetpack_social_post_already_shared":true,"jetpack_social_options":{"image_generator_settings":{"template":"highway","default_image_id":0,"font":"","enabled":false},"version":2}},"categories":[4],"tags":[],"class_list":["post-43880","post","type-post","status-publish","format-standard","has-post-thumbnail","hentry","category-nacional"],"jetpack_publicize_connections":[],"jetpack_featured_media_url":"https:\/\/noticiasveracruz.com\/wp-content\/uploads\/2024\/11\/Claudia-Sheinbaum-1.png","jetpack_sharing_enabled":true,"publishpress_future_action":{"enabled":false,"date":"2026-05-08 12:59:22","action":"change-status","newStatus":"draft","terms":[],"taxonomy":"category","extraData":[]},"publishpress_future_workflow_manual_trigger":{"enabledWorkflows":[]},"_links":{"self":[{"href":"https:\/\/noticiasveracruz.com\/index.php\/wp-json\/wp\/v2\/posts\/43880","targetHints":{"allow":["GET"]}}],"collection":[{"href":"https:\/\/noticiasveracruz.com\/index.php\/wp-json\/wp\/v2\/posts"}],"about":[{"href":"https:\/\/noticiasveracruz.com\/index.php\/wp-json\/wp\/v2\/types\/post"}],"author":[{"embeddable":true,"href":"https:\/\/noticiasveracruz.com\/index.php\/wp-json\/wp\/v2\/users\/4"}],"replies":[{"embeddable":true,"href":"https:\/\/noticiasveracruz.com\/index.php\/wp-json\/wp\/v2\/comments?post=43880"}],"version-history":[{"count":0,"href":"https:\/\/noticiasveracruz.com\/index.php\/wp-json\/wp\/v2\/posts\/43880\/revisions"}],"wp:featuredmedia":[{"embeddable":true,"href":"https:\/\/noticiasveracruz.com\/index.php\/wp-json\/wp\/v2\/media\/43881"}],"wp:attachment":[{"href":"https:\/\/noticiasveracruz.com\/index.php\/wp-json\/wp\/v2\/media?parent=43880"}],"wp:term":[{"taxonomy":"category","embeddable":true,"href":"https:\/\/noticiasveracruz.com\/index.php\/wp-json\/wp\/v2\/categories?post=43880"},{"taxonomy":"post_tag","embeddable":true,"href":"https:\/\/noticiasveracruz.com\/index.php\/wp-json\/wp\/v2\/tags?post=43880"}],"curies":[{"name":"wp","href":"https:\/\/api.w.org\/{rel}","templated":true}]}}