{"id":4377,"date":"2022-05-16T00:12:22","date_gmt":"2022-05-16T05:12:22","guid":{"rendered":"https:\/\/noticiasveracruz.com\/?p=4377"},"modified":"2022-05-16T09:42:37","modified_gmt":"2022-05-16T14:42:37","slug":"el-acuario-y-la-rapina-de-cuitlahuac","status":"publish","type":"post","link":"https:\/\/noticiasveracruz.com\/index.php\/2022\/05\/16\/el-acuario-y-la-rapina-de-cuitlahuac\/","title":{"rendered":"El Acuario y la rapi\u00f1a de Cuitl\u00e1huac"},"content":{"rendered":"<p class=\"p1\">\n<p class=\"p1\"><strong><span style=\"font-size: 18pt;\">Por Aurelio Contreras Moreno<\/span><\/strong><\/p>\n<p class=\"p1\"><span style=\"font-size: 14pt;\">Gran indignaci\u00f3n ha causado entre los ciudadanos veracruzanos la andanada que el gobierno de Cuitl\u00e1huac Garc\u00eda Jim\u00e9nez \u2013que todos los d\u00edas se esmera en ser m\u00e1s nefasto que sus antecesores- lanz\u00f3 contra el Acuario de Veracruz, el principal atractivo tur\u00edstico de todo el estado.<\/span><\/p>\n<p class=\"p1\"><span style=\"font-size: 14pt;\">El mi\u00e9rcoles pasado, personal de la Procuradur\u00eda del Medio Ambiente estatal (PMA) clausur\u00f3 el Acuario de Veracruz bajo argumentos poco claros, para luego filtrar \u2013lo que ya se consolid\u00f3 como un \u201cmodus operandi\u201d del \u201ccuitlahuato\u201d- que se debi\u00f3 lo mismo a una fiesta privada que se hab\u00eda celebrado en sus instalaciones que a un supuesto \u201ctr\u00e1fico de especies\u201d. O lo que es lo mismo, la calumnia, que cuando no mancha, tizna.<\/span><\/p>\n<p class=\"p1\"><span style=\"font-size: 14pt;\">Pero rupestres como son, pronto dejaron ver sus verdaderas motivaciones. Al otro d\u00eda de la clausura, el gobernador Cuitl\u00e1huac Garc\u00eda Jim\u00e9nez anunci\u00f3 que \u201caprovechar\u00e1\u201d para ver \u201cc\u00f3mo est\u00e1 la parte administrativa, para ver c\u00f3mo podemos mejorar el funcionamiento\u201d del Acuario, a la par que se quej\u00f3 de que a pesar de que el Gobierno del Estado forma parte de su Consejo de Administraci\u00f3n, es \u201cnada m\u00e1s como mirones, porque cuando se hace votaci\u00f3n al interior de la instancia donde tenemos participaci\u00f3n, pues perdemos, gana la parte privada y ya no se mueve nada\u201d.<\/span><\/p>\n<p class=\"p1\"><span style=\"font-size: 14pt;\">\u201cC\u00e1ndido\u201d como suele ser al hablar, Garc\u00eda Jim\u00e9nez revel\u00f3 la \u201cjugada\u201d, que no ha sido otra que tener injerencia y controlar un espacio que maneja y genera cuantiosos recursos, pero cuya operaci\u00f3n est\u00e1 en manos privadas. Lo cual tambi\u00e9n evidenciaron sus personeros en el Congreso local, como el presidente de la Comisi\u00f3n de Vigilancia Luis Arturo Santiago Mart\u00ednez, quien no descart\u00f3 que se atrevan a revocarle la concesi\u00f3n al Patronato, que encabeza el empresario porte\u00f1o Jaime Mantec\u00f3n.<\/span><\/p>\n<p class=\"p1\"><span style=\"font-size: 14pt;\">Como lo del tr\u00e1fico de especies es una evidente tomadura de pelo, decidieron concentrarse en la versi\u00f3n de las fiestas privadas en el recinto, algo que s\u00ed ha sucedido desde hace tiempo y que sin duda merece una investigaci\u00f3n por parte de las autoridades competentes. Que no son, por cierto, las estatales. Y adem\u00e1s, lo saben perfectamente.<\/span><\/p>\n<p class=\"p1\"><span style=\"font-size: 14pt;\">Desde 2020, la PMA -que encabeza el ex perredista y ex duartista Sergio Rodr\u00edguez Cort\u00e9s, \u201cc\u00e9lebre\u201d por haber sido captado en una campa\u00f1a contando billetes en calzoncillos y ebrio en un tugurio-, admiti\u00f3 que el Acuario de Veracruz est\u00e1 fuera del \u00e1mbito de su competencia y que a quien toca regularlo es a la Semarnat y a la Procuradur\u00eda Federal de Protecci\u00f3n al Ambiente (Profepa).<\/span><\/p>\n<p class=\"p1\"><span style=\"font-size: 14pt;\">En una notificaci\u00f3n sobre el expediente administrativo PMAVER\/DJ\/EXP-001\/2020, se determin\u00f3 que el Acuario de Veracruz A.C. es una Unidad de Manejo para la Conservaci\u00f3n de Vida Silvestre (UMA), por lo cual su regulaci\u00f3n corresponde a la Secretar\u00eda del Medio Ambiente y Recursos Naturales (Semarnat) y la verificaci\u00f3n de su funcionamiento a la Profepa, de acuerdo con las leyes de Vida Silvestre y del Equilibrio Ecol\u00f3gico y la Protecci\u00f3n del Ambiente.<\/span><\/p>\n<p class=\"p1\"><span style=\"font-size: 14pt;\">Precisamente por ello, en ese a\u00f1o se dejaron sin efecto las \u00f3rdenes y acta de inspecci\u00f3n emitidas por la PMA al Acuario \u2013que fueron revividas para aplicarle ahora la clausura- y solo se le exhort\u00f3 a dar \u201cdebido cumplimiento a las autorizaciones expedidas\u201d por la Semarnat.<\/span><\/p>\n<p class=\"p1\"><span style=\"font-size: 14pt;\">\u00bfPor qu\u00e9 contra el Acuario? Porque es exitoso \u2013de lo que no tiene nada para presumir el gobierno estatal-, porque se ubica en la zona conurbada Veracruz-Boca del R\u00edo, en la que el lopezobradorismo no ha logrado penetrar del todo. Y principalmente, porque su Fideicomiso de Administraci\u00f3n maneja recursos por m\u00e1s de 46 millones de pesos y genera grandes ganancias a lo largo del a\u00f1o. Claro, tampoco habr\u00e1 que descartar el tema de la extorsi\u00f3n.<\/span><\/p>\n<p class=\"p1\"><span style=\"font-size: 14pt;\">La raz\u00f3n es el dinero. Y la rapacidad de una pandilla que cree que eso es gobernar. O por lo menos, a eso vinieron.<\/span><\/p>\n<p>&nbsp;<\/p>\n<p>&nbsp;<\/p>\n<p class=\"p3\"><strong><span class=\"s1\" style=\"font-size: 18pt;\">Correo: <a href=\"mailto:aureliocontreras@gmail.com\"><span class=\"s2\">aureliocontreras@gmail.com<\/span><\/a><\/span><\/strong><\/p>\n<p class=\"p1\"><strong><span style=\"font-size: 18pt;\">Twitter: @yeyocontreras<\/span><\/strong><\/p>\n<p>&nbsp;<\/p>\n","protected":false},"excerpt":{"rendered":"<p>Por Aurelio Contreras Moreno Gran indignaci\u00f3n ha causado entre los ciudadanos veracruzanos la andanada que el gobierno de Cuitl\u00e1huac Garc\u00eda<\/p>\n","protected":false},"author":4,"featured_media":3578,"comment_status":"closed","ping_status":"closed","sticky":false,"template":"","format":"standard","meta":{"colormag_page_container_layout":"default_layout","colormag_page_sidebar_layout":"default_layout","_jetpack_memberships_contains_paid_content":false,"footnotes":"","jetpack_publicize_message":"","jetpack_publicize_feature_enabled":true,"jetpack_social_post_already_shared":false,"jetpack_social_options":{"image_generator_settings":{"template":"highway","default_image_id":0,"font":"","enabled":false},"version":2}},"categories":[6],"tags":[],"class_list":["post-4377","post","type-post","status-publish","format-standard","has-post-thumbnail","hentry","category-columnistas"],"jetpack_publicize_connections":[],"jetpack_featured_media_url":"https:\/\/noticiasveracruz.com\/wp-content\/uploads\/2022\/04\/P-AURELIO-CONTRERAS.png","jetpack_sharing_enabled":true,"publishpress_future_action":{"enabled":false,"date":"2026-05-06 07:49:17","action":"change-status","newStatus":"draft","terms":[],"taxonomy":"category","extraData":[]},"publishpress_future_workflow_manual_trigger":{"enabledWorkflows":[]},"_links":{"self":[{"href":"https:\/\/noticiasveracruz.com\/index.php\/wp-json\/wp\/v2\/posts\/4377","targetHints":{"allow":["GET"]}}],"collection":[{"href":"https:\/\/noticiasveracruz.com\/index.php\/wp-json\/wp\/v2\/posts"}],"about":[{"href":"https:\/\/noticiasveracruz.com\/index.php\/wp-json\/wp\/v2\/types\/post"}],"author":[{"embeddable":true,"href":"https:\/\/noticiasveracruz.com\/index.php\/wp-json\/wp\/v2\/users\/4"}],"replies":[{"embeddable":true,"href":"https:\/\/noticiasveracruz.com\/index.php\/wp-json\/wp\/v2\/comments?post=4377"}],"version-history":[{"count":0,"href":"https:\/\/noticiasveracruz.com\/index.php\/wp-json\/wp\/v2\/posts\/4377\/revisions"}],"wp:featuredmedia":[{"embeddable":true,"href":"https:\/\/noticiasveracruz.com\/index.php\/wp-json\/wp\/v2\/media\/3578"}],"wp:attachment":[{"href":"https:\/\/noticiasveracruz.com\/index.php\/wp-json\/wp\/v2\/media?parent=4377"}],"wp:term":[{"taxonomy":"category","embeddable":true,"href":"https:\/\/noticiasveracruz.com\/index.php\/wp-json\/wp\/v2\/categories?post=4377"},{"taxonomy":"post_tag","embeddable":true,"href":"https:\/\/noticiasveracruz.com\/index.php\/wp-json\/wp\/v2\/tags?post=4377"}],"curies":[{"name":"wp","href":"https:\/\/api.w.org\/{rel}","templated":true}]}}