{"id":43665,"date":"2024-11-09T00:03:27","date_gmt":"2024-11-09T06:03:27","guid":{"rendered":"https:\/\/noticiasveracruz.com\/?p=43665"},"modified":"2024-11-08T21:06:33","modified_gmt":"2024-11-09T03:06:33","slug":"cambio-de-mando-militar","status":"publish","type":"post","link":"https:\/\/noticiasveracruz.com\/index.php\/2024\/11\/09\/cambio-de-mando-militar\/","title":{"rendered":"Cambio de mando militar"},"content":{"rendered":"<p><span style=\"font-size: 14pt;\">La ma\u00f1ana de este viernes se llev\u00f3 a cabo la toma de Posesi\u00f3n de Mando, Protesta al cargo y Bandera al nuevo Comandante de 39\/o. Batall\u00f3n de Infanter\u00eda de este municipio, el Coronel de Infanter\u00eda Blas Rosendo Cisneros Guti\u00e9rrez.<\/span><\/p>\n<p><span style=\"font-size: 14pt;\">El nuevo mando militar, es originario de Tlanepantla, Estado de M\u00e9xico, caus\u00f3 alta en el Heroico Colegio Militar el 1 de septiembre de 1984 y se ha desempe\u00f1ado en diversos cargos, con amplia experiencia dentro del servicio militar como en estudios civiles, pues es Licenciado en Pedagog\u00eda y tiene una Maestr\u00eda en Educaci\u00f3n y Docencia.<\/span><\/p>\n<p><span style=\"font-size: 14pt;\">El Comandante ha sido designado por la Presidenta de M\u00e9xico Claudia Sheinbaum Pardo por su trayectoria en la Milicia, pues se ha desempe\u00f1ado como Comandante de Secci\u00f3n, Comandante de Compa\u00f1\u00eda, Jefe de la Secci\u00f3n de Instrucci\u00f3n, Informaci\u00f3n y Operaciones, Jefe de la Secci\u00f3n de Personal, Abastecimiento y Ayudant\u00eda, Segundo Comandante y Comandante de la Novena Compa\u00f1\u00eda de Infanter\u00eda\u00a0 no Encuadrada y Comandante del 13\/o. Batall\u00f3n de Infanter\u00eda.<\/span><\/p>\n<p><span style=\"font-size: 14pt;\">La toma de protesta se realiz\u00f3 en el campo del 39 Batall\u00f3n de Infanter\u00eda de la ciudad y estuvieron presentes el Comandante de la D\u00e9cimo Novena Zona Militar el General de Brigada Diplomado de Estado Mayor Jorge Antonio Maldonado Guevara, el Comandante de la Fuerza Naval del Golfo, el Comandante de la Quinta Zona Naval, el Alcalde Jes\u00fas Fomperoza, la Fiscal Regional con sede en Tuxpan, as\u00ed como el Secretario de Seguridad P\u00fablica Municipal.<\/span><\/p>\n","protected":false},"excerpt":{"rendered":"<p>La ma\u00f1ana de este viernes se llev\u00f3 a cabo la toma de Posesi\u00f3n de Mando, Protesta al cargo y Bandera<\/p>\n","protected":false},"author":4,"featured_media":43666,"comment_status":"closed","ping_status":"closed","sticky":false,"template":"","format":"standard","meta":{"colormag_page_container_layout":"default_layout","colormag_page_sidebar_layout":"default_layout","_jetpack_memberships_contains_paid_content":false,"footnotes":"","jetpack_publicize_message":"","jetpack_publicize_feature_enabled":true,"jetpack_social_post_already_shared":true,"jetpack_social_options":{"image_generator_settings":{"template":"highway","default_image_id":0,"font":"","enabled":false},"version":2}},"categories":[356],"tags":[],"class_list":["post-43665","post","type-post","status-publish","format-standard","has-post-thumbnail","hentry","category-veracruz"],"jetpack_publicize_connections":[],"jetpack_featured_media_url":"https:\/\/noticiasveracruz.com\/wp-content\/uploads\/2024\/11\/cambio-mando-militar-1.jpeg","jetpack_sharing_enabled":true,"publishpress_future_action":{"enabled":false,"date":"2026-05-10 04:00:48","action":"change-status","newStatus":"draft","terms":[],"taxonomy":"category","extraData":[]},"publishpress_future_workflow_manual_trigger":{"enabledWorkflows":[]},"_links":{"self":[{"href":"https:\/\/noticiasveracruz.com\/index.php\/wp-json\/wp\/v2\/posts\/43665","targetHints":{"allow":["GET"]}}],"collection":[{"href":"https:\/\/noticiasveracruz.com\/index.php\/wp-json\/wp\/v2\/posts"}],"about":[{"href":"https:\/\/noticiasveracruz.com\/index.php\/wp-json\/wp\/v2\/types\/post"}],"author":[{"embeddable":true,"href":"https:\/\/noticiasveracruz.com\/index.php\/wp-json\/wp\/v2\/users\/4"}],"replies":[{"embeddable":true,"href":"https:\/\/noticiasveracruz.com\/index.php\/wp-json\/wp\/v2\/comments?post=43665"}],"version-history":[{"count":0,"href":"https:\/\/noticiasveracruz.com\/index.php\/wp-json\/wp\/v2\/posts\/43665\/revisions"}],"wp:featuredmedia":[{"embeddable":true,"href":"https:\/\/noticiasveracruz.com\/index.php\/wp-json\/wp\/v2\/media\/43666"}],"wp:attachment":[{"href":"https:\/\/noticiasveracruz.com\/index.php\/wp-json\/wp\/v2\/media?parent=43665"}],"wp:term":[{"taxonomy":"category","embeddable":true,"href":"https:\/\/noticiasveracruz.com\/index.php\/wp-json\/wp\/v2\/categories?post=43665"},{"taxonomy":"post_tag","embeddable":true,"href":"https:\/\/noticiasveracruz.com\/index.php\/wp-json\/wp\/v2\/tags?post=43665"}],"curies":[{"name":"wp","href":"https:\/\/api.w.org\/{rel}","templated":true}]}}