{"id":43659,"date":"2024-11-09T00:01:32","date_gmt":"2024-11-09T06:01:32","guid":{"rendered":"https:\/\/noticiasveracruz.com\/?p=43659"},"modified":"2024-11-08T21:03:27","modified_gmt":"2024-11-09T03:03:27","slug":"continuara-sev-con-apoyo-para-escrituraciones","status":"publish","type":"post","link":"https:\/\/noticiasveracruz.com\/index.php\/2024\/11\/09\/continuara-sev-con-apoyo-para-escrituraciones\/","title":{"rendered":"Continuar\u00e1 SEV con apoyo para escrituraciones"},"content":{"rendered":"<p><span style=\"font-size: 14pt;\">El delegado regional de la Secretar\u00eda de Educaci\u00f3n Veracruzana (SEV), On\u00e9simo P\u00e9rez Ramos, anunci\u00f3 que continuar\u00e1 brindando apoyo a escuelas de todos los niveles en Tuxpan para regularizar la situaci\u00f3n jur\u00eddica de aquellas que a\u00fan no cuentan con certeza en este aspecto.<\/span><\/p>\n<p><span style=\"font-size: 14pt;\">Esta iniciativa busca garantizar que todas las instituciones educativas de la regi\u00f3n tengan una base legal s\u00f3lida para operar.<\/span><\/p>\n<p><span style=\"font-size: 14pt;\">Para lograr este objetivo, P\u00e9rez Ramos trabajar\u00e1 en estrecha colaboraci\u00f3n con docentes, padres de familia, autoridades locales y el nuevo gobierno estatal, liderado por Roc\u00edo Nahle Garc\u00eda. Este esfuerzo conjunto permitir\u00e1 abordar las necesidades espec\u00edficas de cada escuela y encontrar soluciones efectivas para su regularizaci\u00f3n.<\/span><\/p>\n<p><span style=\"font-size: 14pt;\">La escrituraci\u00f3n de las escuelas es un paso crucial para asegurar su estabilidad y continuidad en el largo plazo. Al contar con un t\u00edtulo de propiedad claro y legal, las escuelas podr\u00e1n acceder a recursos y financiamiento que les permitan mejorar su infraestructura y ofrecer una educaci\u00f3n de calidad a sus alumnos.<\/span><\/p>\n<p><span style=\"font-size: 14pt;\">Con esta iniciativa, la SEV y el gobierno estatal demuestran su compromiso con la educaci\u00f3n en Tuxpan y su determinaci\u00f3n para superar los obst\u00e1culos que han impedido el desarrollo de las escuelas de la regi\u00f3n.<\/span><\/p>\n<p><span style=\"font-size: 14pt;\">Remarc\u00f3 que la colaboraci\u00f3n entre los diferentes actores involucrados ser\u00e1 fundamental para el \u00e9xito de este proyecto y para asegurar un futuro m\u00e1s prometedor para los estudiantes de Tuxpan.<\/span><\/p>\n","protected":false},"excerpt":{"rendered":"<p>El delegado regional de la Secretar\u00eda de Educaci\u00f3n Veracruzana (SEV), On\u00e9simo P\u00e9rez Ramos, anunci\u00f3 que continuar\u00e1 brindando apoyo a escuelas<\/p>\n","protected":false},"author":4,"featured_media":43660,"comment_status":"closed","ping_status":"closed","sticky":false,"template":"","format":"standard","meta":{"colormag_page_container_layout":"default_layout","colormag_page_sidebar_layout":"default_layout","_jetpack_memberships_contains_paid_content":false,"footnotes":"","jetpack_publicize_message":"","jetpack_publicize_feature_enabled":true,"jetpack_social_post_already_shared":true,"jetpack_social_options":{"image_generator_settings":{"template":"highway","default_image_id":0,"font":"","enabled":false},"version":2}},"categories":[356],"tags":[],"class_list":["post-43659","post","type-post","status-publish","format-standard","has-post-thumbnail","hentry","category-veracruz"],"jetpack_publicize_connections":[],"jetpack_featured_media_url":"https:\/\/noticiasveracruz.com\/wp-content\/uploads\/2024\/11\/4c-2.jpg","jetpack_sharing_enabled":true,"publishpress_future_action":{"enabled":false,"date":"2026-05-08 13:44:12","action":"change-status","newStatus":"draft","terms":[],"taxonomy":"category","extraData":[]},"publishpress_future_workflow_manual_trigger":{"enabledWorkflows":[]},"_links":{"self":[{"href":"https:\/\/noticiasveracruz.com\/index.php\/wp-json\/wp\/v2\/posts\/43659","targetHints":{"allow":["GET"]}}],"collection":[{"href":"https:\/\/noticiasveracruz.com\/index.php\/wp-json\/wp\/v2\/posts"}],"about":[{"href":"https:\/\/noticiasveracruz.com\/index.php\/wp-json\/wp\/v2\/types\/post"}],"author":[{"embeddable":true,"href":"https:\/\/noticiasveracruz.com\/index.php\/wp-json\/wp\/v2\/users\/4"}],"replies":[{"embeddable":true,"href":"https:\/\/noticiasveracruz.com\/index.php\/wp-json\/wp\/v2\/comments?post=43659"}],"version-history":[{"count":0,"href":"https:\/\/noticiasveracruz.com\/index.php\/wp-json\/wp\/v2\/posts\/43659\/revisions"}],"wp:featuredmedia":[{"embeddable":true,"href":"https:\/\/noticiasveracruz.com\/index.php\/wp-json\/wp\/v2\/media\/43660"}],"wp:attachment":[{"href":"https:\/\/noticiasveracruz.com\/index.php\/wp-json\/wp\/v2\/media?parent=43659"}],"wp:term":[{"taxonomy":"category","embeddable":true,"href":"https:\/\/noticiasveracruz.com\/index.php\/wp-json\/wp\/v2\/categories?post=43659"},{"taxonomy":"post_tag","embeddable":true,"href":"https:\/\/noticiasveracruz.com\/index.php\/wp-json\/wp\/v2\/tags?post=43659"}],"curies":[{"name":"wp","href":"https:\/\/api.w.org\/{rel}","templated":true}]}}