{"id":4365,"date":"2022-05-16T00:05:21","date_gmt":"2022-05-16T05:05:21","guid":{"rendered":"https:\/\/noticiasveracruz.com\/?p=4365"},"modified":"2022-05-16T00:37:16","modified_gmt":"2022-05-16T05:37:16","slug":"hacia-otro-paradigma-pensionario-y-de-justicia-social","status":"publish","type":"post","link":"https:\/\/noticiasveracruz.com\/index.php\/2022\/05\/16\/hacia-otro-paradigma-pensionario-y-de-justicia-social\/","title":{"rendered":"Hacia otro paradigma pensionario y de justicia social"},"content":{"rendered":"<p class=\"p1\">\n<p class=\"p1\"><span style=\"font-size: 18pt;\"><b>Por Jos\u00e9 Ure\u00f1a<\/b><\/span><\/p>\n<p class=\"p1\"><span style=\"font-size: 14pt;\">Este D\u00eda del Maestro impactar\u00e1 en varios sistemas y dependencias.<\/span><\/p>\n<p class=\"p1\"><span style=\"font-size: 14pt;\">El primero ser\u00e1 el sistema de pensiones para acabar con la injusticia, a\u00f1eja desigualdad del Estado, entre dos instituciones p\u00fablicas.<\/span><\/p>\n<p class=\"p1\"><span style=\"font-size: 14pt;\">Del lado m\u00e1s amable est\u00e1 el Seguro Social y del m\u00e1s r\u00e1cano es, qui\u00e9n lo creyera, un instituto del Estado, el ISSSTE.<\/span><\/p>\n<p class=\"p1\"><span style=\"font-size: 14pt;\">Lo explic\u00f3 con sencilla claridad el secretario general del SNTE, Alfonso Cepeda Salas:<\/span><\/p>\n<p class=\"p1\"><span style=\"font-size: 14pt;\">El tope para un jubilado del IMSS es de 25 UMAs (Unidad de Medida y Actualizaci\u00f3n usada para el pago de obligaciones) y el del ISSSTE de 10 unidades.<\/span><\/p>\n<p class=\"p1\"><span style=\"font-size: 14pt;\">Por ello Cepeda Salas incluy\u00f3 en el pliego petitorio del presente a\u00f1o resarcir a maestros la deuda pendiente para darles tranquilidad en el retiro, en la incapacidad y en la vejez.<\/span><\/p>\n<p class=\"p1\"><span style=\"font-size: 14pt;\">\u00bfPor qu\u00e9 decimos que tendr\u00e1 repercusiones?<\/span><\/p>\n<p class=\"p1\"><span style=\"font-size: 14pt;\">Porque obligar\u00e1 a federaciones, sindicatos de bur\u00f3cratas, al Congreso de la Uni\u00f3n y al ISSSTE de Pedro Zenteno a revisar su pol\u00edtica de retribuci\u00f3n a quienes sostienen al Gobierno y al pa\u00eds.<\/span><\/p>\n<p>&nbsp;<\/p>\n<p class=\"p1\"><span style=\"font-size: 18pt;\"><b>QUITAN BANDERAS A LA CNTE<\/b><\/span><\/p>\n<p class=\"p1\"><span style=\"font-size: 14pt;\">Tambi\u00e9n impactar\u00e1 la pol\u00edtica laboral.<\/span><\/p>\n<p class=\"p1\"><span style=\"font-size: 14pt;\">Llevar\u00e1 a revisi\u00f3n el sistema de cuentas individuales importado de otras naciones para no cargar sobre el Estado y los causantes el sistema pensionario.<\/span><\/p>\n<p class=\"p1\"><span style=\"font-size: 14pt;\">Alfonso Cepeda Salas refiri\u00f3 la abolici\u00f3n de este injusto mecanismo en varias naciones como v\u00eda para mejor redistribuci\u00f3n de la riqueza.<\/span><\/p>\n<p class=\"p1\"><span style=\"font-size: 14pt;\">M\u00e9xico no ser\u00e1 la excepci\u00f3n, sobre todo en un Gobierno cuyo discurso a diario habla de esos prop\u00f3sitos y necesita dar pruebas tangibles al trabajador.<\/span><\/p>\n<p class=\"p1\"><span style=\"font-size: 14pt;\">De impacto ser\u00e1 tambi\u00e9n la regularizaci\u00f3n de cientos de miles de profesores -656 mil 571 hasta ayer, seg\u00fan enumer\u00f3 Cepeda Salas- para acabar con la zozobra magisterial.<\/span><\/p>\n<p class=\"p1\"><span style=\"font-size: 14pt;\">Los planteamientos llevados ante los secretarios de Hacienda y de Gobernaci\u00f3n, Rogelio Ram\u00edrez de la O y Ad\u00e1n Augusto L\u00f3pez, y comunicados a Delfina G\u00f3mez impactar\u00e1n los presupuestos educativos.<\/span><\/p>\n<p class=\"p1\"><span style=\"font-size: 14pt;\">Pero sobre todo, quitar\u00e1n banderas a la disidencia, la CNTE, cuya virulencia pas\u00f3 de aliada del lopezobradorismo a recibir portazos de Palacio Nacional.<\/span><\/p>\n<p class=\"p1\"><span style=\"font-size: 14pt;\">Frente a este panorama de repercusiones en puerta, palidece el incremento m\u00e1ximo de 7.5%, anunciado por Delfina G\u00f3mez, al salario de quienes perciben menos de 20 mil pesos mensuales.<\/span><\/p>\n<p class=\"p1\"><span style=\"font-size: 14pt;\">Para esto sirvi\u00f3 la consulta abierta por el comit\u00e9 sentista de Cepeda Salas a fin de escuchar planteamientos de educadores y personal administrativo de todo el pa\u00eds.<\/span><\/p>\n<p>&nbsp;<\/p>\n<p class=\"p1\"><span style=\"font-size: 18pt;\"><b>LOS EDUCADORES OLVIDADOS<\/b><\/span><\/p>\n<p class=\"p1\"><span style=\"font-size: 14pt;\">En la celebraci\u00f3n hubo varios olvidados.<\/span><\/p>\n<p class=\"p1\"><span style=\"font-size: 14pt;\">De un lado est\u00e1n los padres de familia, quienes como los maestros convirtieron sus hogares en improvisados salones de clases durante la pandemia.<\/span><\/p>\n<p class=\"p1\"><span style=\"font-size: 14pt;\">Aun cuando se supone superada la peor etapa de Covid, contin\u00faan la ense\u00f1anza a distancia, usado para salvar al menos dos ciclos escolares.<\/span><\/p>\n<p class=\"p1\"><span style=\"font-size: 14pt;\">A trav\u00e9s de ellos se ofrecieron cursos a 25 millones de alumnos entre 2020 y 2022, pero para unos siete millones sigue siendo la \u00fanica alternativa y les llega a trav\u00e9s de Televisa de Emilio Azc\u00e1rraga Jean.<\/span><\/p>\n<p class=\"p1\"><span style=\"font-size: 14pt;\">Adicionales en ese esfuerzo son los maestros, quienes ofrecieron clases a distancia y, dato relevante, mantienen comunicaci\u00f3n y hasta sesiones voluntarias para alumnos retrasados o con problemas de aprendizaje.<\/span><\/p>\n<p>&nbsp;<\/p>\n<p>&nbsp;<\/p>\n<p>&nbsp;<\/p>\n<p>&nbsp;<\/p>\n<p>&nbsp;<\/p>\n","protected":false},"excerpt":{"rendered":"<p>Por Jos\u00e9 Ure\u00f1a Este D\u00eda del Maestro impactar\u00e1 en varios sistemas y dependencias. El primero ser\u00e1 el sistema de pensiones<\/p>\n","protected":false},"author":4,"featured_media":3258,"comment_status":"closed","ping_status":"closed","sticky":false,"template":"","format":"standard","meta":{"colormag_page_container_layout":"default_layout","colormag_page_sidebar_layout":"default_layout","_jetpack_memberships_contains_paid_content":false,"footnotes":"","jetpack_publicize_message":"","jetpack_publicize_feature_enabled":true,"jetpack_social_post_already_shared":false,"jetpack_social_options":{"image_generator_settings":{"template":"highway","default_image_id":0,"font":"","enabled":false},"version":2}},"categories":[6],"tags":[],"class_list":["post-4365","post","type-post","status-publish","format-standard","has-post-thumbnail","hentry","category-columnistas"],"jetpack_publicize_connections":[],"jetpack_featured_media_url":"https:\/\/noticiasveracruz.com\/wp-content\/uploads\/2022\/04\/JOSE\u0301-UREN\u0303A.png","jetpack_sharing_enabled":true,"publishpress_future_action":{"enabled":false,"date":"2026-05-05 21:09:25","action":"change-status","newStatus":"draft","terms":[],"taxonomy":"category","extraData":[]},"publishpress_future_workflow_manual_trigger":{"enabledWorkflows":[]},"_links":{"self":[{"href":"https:\/\/noticiasveracruz.com\/index.php\/wp-json\/wp\/v2\/posts\/4365","targetHints":{"allow":["GET"]}}],"collection":[{"href":"https:\/\/noticiasveracruz.com\/index.php\/wp-json\/wp\/v2\/posts"}],"about":[{"href":"https:\/\/noticiasveracruz.com\/index.php\/wp-json\/wp\/v2\/types\/post"}],"author":[{"embeddable":true,"href":"https:\/\/noticiasveracruz.com\/index.php\/wp-json\/wp\/v2\/users\/4"}],"replies":[{"embeddable":true,"href":"https:\/\/noticiasveracruz.com\/index.php\/wp-json\/wp\/v2\/comments?post=4365"}],"version-history":[{"count":0,"href":"https:\/\/noticiasveracruz.com\/index.php\/wp-json\/wp\/v2\/posts\/4365\/revisions"}],"wp:featuredmedia":[{"embeddable":true,"href":"https:\/\/noticiasveracruz.com\/index.php\/wp-json\/wp\/v2\/media\/3258"}],"wp:attachment":[{"href":"https:\/\/noticiasveracruz.com\/index.php\/wp-json\/wp\/v2\/media?parent=4365"}],"wp:term":[{"taxonomy":"category","embeddable":true,"href":"https:\/\/noticiasveracruz.com\/index.php\/wp-json\/wp\/v2\/categories?post=4365"},{"taxonomy":"post_tag","embeddable":true,"href":"https:\/\/noticiasveracruz.com\/index.php\/wp-json\/wp\/v2\/tags?post=4365"}],"curies":[{"name":"wp","href":"https:\/\/api.w.org\/{rel}","templated":true}]}}