{"id":43648,"date":"2024-11-08T16:37:31","date_gmt":"2024-11-08T22:37:31","guid":{"rendered":"https:\/\/noticiasveracruz.com\/?p=43648"},"modified":"2024-11-08T16:37:31","modified_gmt":"2024-11-08T22:37:31","slug":"el-alcalde-de-tuxpan-dr-jesus-fomperoza-torres-tomo-protesta-a-5-nuevas-directoras-y-directores","status":"publish","type":"post","link":"https:\/\/noticiasveracruz.com\/index.php\/2024\/11\/08\/el-alcalde-de-tuxpan-dr-jesus-fomperoza-torres-tomo-protesta-a-5-nuevas-directoras-y-directores\/","title":{"rendered":"El alcalde de Tuxpan Dr. Jes\u00fas Fomperoza Torres tom\u00f3 protesta a 5 nuevas directoras y directores"},"content":{"rendered":"<p><img loading=\"lazy\" decoding=\"async\" class=\"alignnone size-medium wp-image-43649\" src=\"http:\/\/noticiasveracruz.com\/wp-content\/uploads\/2024\/11\/8eee0519-a95e-4aca-bef7-bc2a0331dc92-300x200.jpg\" alt=\"\" width=\"300\" height=\"200\" srcset=\"https:\/\/noticiasveracruz.com\/wp-content\/uploads\/2024\/11\/8eee0519-a95e-4aca-bef7-bc2a0331dc92-300x200.jpg 300w, https:\/\/noticiasveracruz.com\/wp-content\/uploads\/2024\/11\/8eee0519-a95e-4aca-bef7-bc2a0331dc92-1024x681.jpg 1024w, https:\/\/noticiasveracruz.com\/wp-content\/uploads\/2024\/11\/8eee0519-a95e-4aca-bef7-bc2a0331dc92-768x511.jpg 768w, https:\/\/noticiasveracruz.com\/wp-content\/uploads\/2024\/11\/8eee0519-a95e-4aca-bef7-bc2a0331dc92-1536x1021.jpg 1536w, https:\/\/noticiasveracruz.com\/wp-content\/uploads\/2024\/11\/8eee0519-a95e-4aca-bef7-bc2a0331dc92.jpg 1600w\" sizes=\"auto, (max-width: 300px) 100vw, 300px\" \/> <img loading=\"lazy\" decoding=\"async\" class=\"alignnone size-medium wp-image-43650\" src=\"http:\/\/noticiasveracruz.com\/wp-content\/uploads\/2024\/11\/09f3cb2f-f84e-459c-af3b-c3bd5513829f-300x200.jpg\" alt=\"\" width=\"300\" height=\"200\" srcset=\"https:\/\/noticiasveracruz.com\/wp-content\/uploads\/2024\/11\/09f3cb2f-f84e-459c-af3b-c3bd5513829f-300x200.jpg 300w, https:\/\/noticiasveracruz.com\/wp-content\/uploads\/2024\/11\/09f3cb2f-f84e-459c-af3b-c3bd5513829f-1024x681.jpg 1024w, https:\/\/noticiasveracruz.com\/wp-content\/uploads\/2024\/11\/09f3cb2f-f84e-459c-af3b-c3bd5513829f-768x511.jpg 768w, https:\/\/noticiasveracruz.com\/wp-content\/uploads\/2024\/11\/09f3cb2f-f84e-459c-af3b-c3bd5513829f-1536x1021.jpg 1536w, https:\/\/noticiasveracruz.com\/wp-content\/uploads\/2024\/11\/09f3cb2f-f84e-459c-af3b-c3bd5513829f.jpg 1600w\" sizes=\"auto, (max-width: 300px) 100vw, 300px\" \/> <img loading=\"lazy\" decoding=\"async\" class=\"alignnone size-medium wp-image-43651\" src=\"http:\/\/noticiasveracruz.com\/wp-content\/uploads\/2024\/11\/e7d6c332-0db7-4f7a-9ad7-51248326cd27-300x200.jpg\" alt=\"\" width=\"300\" height=\"200\" srcset=\"https:\/\/noticiasveracruz.com\/wp-content\/uploads\/2024\/11\/e7d6c332-0db7-4f7a-9ad7-51248326cd27-300x200.jpg 300w, https:\/\/noticiasveracruz.com\/wp-content\/uploads\/2024\/11\/e7d6c332-0db7-4f7a-9ad7-51248326cd27-1024x681.jpg 1024w, https:\/\/noticiasveracruz.com\/wp-content\/uploads\/2024\/11\/e7d6c332-0db7-4f7a-9ad7-51248326cd27-768x511.jpg 768w, https:\/\/noticiasveracruz.com\/wp-content\/uploads\/2024\/11\/e7d6c332-0db7-4f7a-9ad7-51248326cd27-1536x1021.jpg 1536w, https:\/\/noticiasveracruz.com\/wp-content\/uploads\/2024\/11\/e7d6c332-0db7-4f7a-9ad7-51248326cd27.jpg 1600w\" sizes=\"auto, (max-width: 300px) 100vw, 300px\" \/> <img loading=\"lazy\" decoding=\"async\" class=\"alignnone size-medium wp-image-43652\" src=\"http:\/\/noticiasveracruz.com\/wp-content\/uploads\/2024\/11\/faa9b493-d2d9-421f-8185-473f75451fea-300x200.jpg\" alt=\"\" width=\"300\" height=\"200\" srcset=\"https:\/\/noticiasveracruz.com\/wp-content\/uploads\/2024\/11\/faa9b493-d2d9-421f-8185-473f75451fea-300x200.jpg 300w, https:\/\/noticiasveracruz.com\/wp-content\/uploads\/2024\/11\/faa9b493-d2d9-421f-8185-473f75451fea-1024x681.jpg 1024w, https:\/\/noticiasveracruz.com\/wp-content\/uploads\/2024\/11\/faa9b493-d2d9-421f-8185-473f75451fea-768x511.jpg 768w, https:\/\/noticiasveracruz.com\/wp-content\/uploads\/2024\/11\/faa9b493-d2d9-421f-8185-473f75451fea-1536x1021.jpg 1536w, https:\/\/noticiasveracruz.com\/wp-content\/uploads\/2024\/11\/faa9b493-d2d9-421f-8185-473f75451fea.jpg 1600w\" sizes=\"auto, (max-width: 300px) 100vw, 300px\" \/><\/p>\n<p><span style=\"font-size: 14pt;\">El presidente municipal Dr. Jes\u00fas Fomperoza Torres tom\u00f3 protesta a 5 directoras y directores de la administraci\u00f3n p\u00fablica municipal.<\/span><\/p>\n<p><span style=\"font-size: 14pt;\">El Lic. Juan Pablo Alc\u00e1ntar Alvarado es el nuevo Secretario T\u00e9cnico del Ayuntamiento, mientras que el Lic. Diego Eliseo Mu\u00f1oz Zaletas, fue nombrado secretario particular.<\/span><\/p>\n<p><span style=\"font-size: 14pt;\">El alcalde tambi\u00e9n entreg\u00f3 el nombramiento de director de Salud y Asistencia P\u00fablica, al Dr. Mario Antonio Cerecedo Rosendo.<\/span><\/p>\n<p><span style=\"font-size: 14pt;\">De igual manera, la Lic. Valeria Loya Herrera fue nombrada directora de Turismo y la Lic. Lidia Soni Gallardo, titular de Desarrollo Econ\u00f3mico.<\/span><\/p>\n<p><span style=\"font-size: 14pt;\">El Dr. Jes\u00fas Fomperoza Torres los exhort\u00f3 a trabajar con dedicaci\u00f3n, compromiso y alto sentido de responsabilidad, para brindar los resultados que la ciudadan\u00eda espera.<\/span><\/p>\n","protected":false},"excerpt":{"rendered":"<p>El presidente municipal Dr. Jes\u00fas Fomperoza Torres tom\u00f3 protesta a 5 directoras y directores de la administraci\u00f3n p\u00fablica municipal. El<\/p>\n","protected":false},"author":4,"featured_media":43653,"comment_status":"closed","ping_status":"closed","sticky":false,"template":"","format":"standard","meta":{"colormag_page_container_layout":"default_layout","colormag_page_sidebar_layout":"default_layout","_jetpack_memberships_contains_paid_content":false,"footnotes":"","jetpack_publicize_message":"","jetpack_publicize_feature_enabled":true,"jetpack_social_post_already_shared":true,"jetpack_social_options":{"image_generator_settings":{"template":"highway","default_image_id":0,"font":"","enabled":false},"version":2}},"categories":[3372,356],"tags":[],"class_list":["post-43648","post","type-post","status-publish","format-standard","has-post-thumbnail","hentry","category-gobierno-tuxpan","category-veracruz"],"jetpack_publicize_connections":[],"jetpack_featured_media_url":"https:\/\/noticiasveracruz.com\/wp-content\/uploads\/2024\/11\/28e90941-9e42-473e-ae3c-983474b3ced4.jpg","jetpack_sharing_enabled":true,"publishpress_future_action":{"enabled":false,"date":"2026-05-08 11:58:35","action":"change-status","newStatus":"draft","terms":[],"taxonomy":"category","extraData":[]},"publishpress_future_workflow_manual_trigger":{"enabledWorkflows":[]},"_links":{"self":[{"href":"https:\/\/noticiasveracruz.com\/index.php\/wp-json\/wp\/v2\/posts\/43648","targetHints":{"allow":["GET"]}}],"collection":[{"href":"https:\/\/noticiasveracruz.com\/index.php\/wp-json\/wp\/v2\/posts"}],"about":[{"href":"https:\/\/noticiasveracruz.com\/index.php\/wp-json\/wp\/v2\/types\/post"}],"author":[{"embeddable":true,"href":"https:\/\/noticiasveracruz.com\/index.php\/wp-json\/wp\/v2\/users\/4"}],"replies":[{"embeddable":true,"href":"https:\/\/noticiasveracruz.com\/index.php\/wp-json\/wp\/v2\/comments?post=43648"}],"version-history":[{"count":0,"href":"https:\/\/noticiasveracruz.com\/index.php\/wp-json\/wp\/v2\/posts\/43648\/revisions"}],"wp:featuredmedia":[{"embeddable":true,"href":"https:\/\/noticiasveracruz.com\/index.php\/wp-json\/wp\/v2\/media\/43653"}],"wp:attachment":[{"href":"https:\/\/noticiasveracruz.com\/index.php\/wp-json\/wp\/v2\/media?parent=43648"}],"wp:term":[{"taxonomy":"category","embeddable":true,"href":"https:\/\/noticiasveracruz.com\/index.php\/wp-json\/wp\/v2\/categories?post=43648"},{"taxonomy":"post_tag","embeddable":true,"href":"https:\/\/noticiasveracruz.com\/index.php\/wp-json\/wp\/v2\/tags?post=43648"}],"curies":[{"name":"wp","href":"https:\/\/api.w.org\/{rel}","templated":true}]}}