{"id":43604,"date":"2024-11-08T00:07:52","date_gmt":"2024-11-08T06:07:52","guid":{"rendered":"https:\/\/noticiasveracruz.com\/?p=43604"},"modified":"2024-11-07T21:42:33","modified_gmt":"2024-11-08T03:42:33","slug":"amenazas-de-trump-a-mexico-se-sobrellevan-con-sangre-fria-e-inteligencia-ebrard","status":"publish","type":"post","link":"https:\/\/noticiasveracruz.com\/index.php\/2024\/11\/08\/amenazas-de-trump-a-mexico-se-sobrellevan-con-sangre-fria-e-inteligencia-ebrard\/","title":{"rendered":"Amenazas de Trump a M\u00e9xico se sobrellevan con sangre fr\u00eda e inteligencia: Ebrard"},"content":{"rendered":"<p><span style=\"font-size: 14pt;\">\u201cCon sangre fr\u00eda e inteligencia\u201d M\u00e9xico sobrellevar\u00e1 los amagues y\u00a0amenazas de Donald Trump, virtual presidente electo de\u00a0Estados Unidos. As\u00ed lo dijo el titular de la Secretar\u00eda de Econom\u00eda,\u00a0Marcelo Ebrard\u00a0al asistir a una reuni\u00f3n privada con la presidenta\u00a0Claudia Sheinbaum\u00a0en Palacio Nacional.<\/span><\/p>\n<p><span style=\"font-size: 14pt;\">Las declaraciones de Ebrard ocurren a dos d\u00edas de que el republicano se impuso en las urnas para dirigir por segunda ocasi\u00f3n no consecutiva la\u00a0Casa Blanca.<\/span><\/p>\n<p><span style=\"font-size: 14pt;\">La llegada de\u00a0Trump\u00a0a la presidencia estadounidense se presenta en medio de numerosas acusaciones y amenazas del republicano contra M\u00e9xico, como la imposici\u00f3n de aranceles a las exportaciones mexicanas y la deportaci\u00f3n masiva de migrantes, as\u00ed como la renegociaci\u00f3n total del\u00a0Tratado de Libre Comercio entre M\u00e9xico, Estados Unidos y Canad\u00e1.<\/span><\/p>\n","protected":false},"excerpt":{"rendered":"<p>\u201cCon sangre fr\u00eda e inteligencia\u201d M\u00e9xico sobrellevar\u00e1 los amagues y\u00a0amenazas de Donald Trump, virtual presidente electo de\u00a0Estados Unidos. As\u00ed lo<\/p>\n","protected":false},"author":4,"featured_media":43605,"comment_status":"closed","ping_status":"closed","sticky":false,"template":"","format":"standard","meta":{"colormag_page_container_layout":"default_layout","colormag_page_sidebar_layout":"default_layout","_jetpack_memberships_contains_paid_content":false,"footnotes":"","jetpack_publicize_message":"","jetpack_publicize_feature_enabled":true,"jetpack_social_post_already_shared":true,"jetpack_social_options":{"image_generator_settings":{"template":"highway","default_image_id":0,"font":"","enabled":false},"version":2}},"categories":[4],"tags":[],"class_list":["post-43604","post","type-post","status-publish","format-standard","has-post-thumbnail","hentry","category-nacional"],"jetpack_publicize_connections":[],"jetpack_featured_media_url":"https:\/\/noticiasveracruz.com\/wp-content\/uploads\/2024\/11\/Marcelo-Ebrard.png","jetpack_sharing_enabled":true,"publishpress_future_action":{"enabled":false,"date":"2026-05-10 10:06:29","action":"change-status","newStatus":"draft","terms":[],"taxonomy":"category","extraData":[]},"publishpress_future_workflow_manual_trigger":{"enabledWorkflows":[]},"_links":{"self":[{"href":"https:\/\/noticiasveracruz.com\/index.php\/wp-json\/wp\/v2\/posts\/43604","targetHints":{"allow":["GET"]}}],"collection":[{"href":"https:\/\/noticiasveracruz.com\/index.php\/wp-json\/wp\/v2\/posts"}],"about":[{"href":"https:\/\/noticiasveracruz.com\/index.php\/wp-json\/wp\/v2\/types\/post"}],"author":[{"embeddable":true,"href":"https:\/\/noticiasveracruz.com\/index.php\/wp-json\/wp\/v2\/users\/4"}],"replies":[{"embeddable":true,"href":"https:\/\/noticiasveracruz.com\/index.php\/wp-json\/wp\/v2\/comments?post=43604"}],"version-history":[{"count":0,"href":"https:\/\/noticiasveracruz.com\/index.php\/wp-json\/wp\/v2\/posts\/43604\/revisions"}],"wp:featuredmedia":[{"embeddable":true,"href":"https:\/\/noticiasveracruz.com\/index.php\/wp-json\/wp\/v2\/media\/43605"}],"wp:attachment":[{"href":"https:\/\/noticiasveracruz.com\/index.php\/wp-json\/wp\/v2\/media?parent=43604"}],"wp:term":[{"taxonomy":"category","embeddable":true,"href":"https:\/\/noticiasveracruz.com\/index.php\/wp-json\/wp\/v2\/categories?post=43604"},{"taxonomy":"post_tag","embeddable":true,"href":"https:\/\/noticiasveracruz.com\/index.php\/wp-json\/wp\/v2\/tags?post=43604"}],"curies":[{"name":"wp","href":"https:\/\/api.w.org\/{rel}","templated":true}]}}