{"id":43601,"date":"2024-11-08T00:06:20","date_gmt":"2024-11-08T06:06:20","guid":{"rendered":"https:\/\/noticiasveracruz.com\/?p=43601"},"modified":"2024-11-07T21:40:20","modified_gmt":"2024-11-08T03:40:20","slug":"medistik-by-traxion-recibe-primeras-dosis-de-vacuna-contra-covid-19-para-su-distribucion-en-mexico","status":"publish","type":"post","link":"https:\/\/noticiasveracruz.com\/index.php\/2024\/11\/08\/medistik-by-traxion-recibe-primeras-dosis-de-vacuna-contra-covid-19-para-su-distribucion-en-mexico\/","title":{"rendered":"Medistik by Traxi\u00f3n recibe primeras dosis de vacuna contra COVID-19 para su distribuci\u00f3n en M\u00e9xico"},"content":{"rendered":"<p><span style=\"font-size: 14pt;\">Esta semana, el primer lote de vacunas actualizadas contra el COVID-19, desarrolladas por Pfizer, fue recibido por Medistik by Traxi\u00f3n, donde ser\u00e1 resguardado y distribuido para todo el pa\u00eds.<\/span><\/p>\n<p><span style=\"font-size: 14pt;\">La elecci\u00f3n de Medistik como centro nacional de distribuci\u00f3n refleja su experiencia y capacidad para mantener la cadena de fr\u00edo, un elemento fundamental para las vacunas de Pfizer, que requieren ser almacenadas a -75\u00b0C.<\/span><\/p>\n<p><span style=\"font-size: 14pt;\">Medistik by Traxi\u00f3n, parte del grupo Traxi\u00f3n, cuenta con instalaciones dise\u00f1adas espec\u00edficamente para preservar productos a temperaturas ultrabajas. Las c\u00e1maras fr\u00edas y sistemas de monitoreo continuo garantizan que las dosis lleguen a su destino en condiciones \u00f3ptimas. La colaboraci\u00f3n con Pfizer subraya su relevancia en el sector log\u00edstico de salud y su capacidad de responder a retos complejos como la distribuci\u00f3n de vacunas.<\/span><\/p>\n","protected":false},"excerpt":{"rendered":"<p>Esta semana, el primer lote de vacunas actualizadas contra el COVID-19, desarrolladas por Pfizer, fue recibido por Medistik by Traxi\u00f3n,<\/p>\n","protected":false},"author":4,"featured_media":43602,"comment_status":"closed","ping_status":"closed","sticky":false,"template":"","format":"standard","meta":{"colormag_page_container_layout":"default_layout","colormag_page_sidebar_layout":"default_layout","_jetpack_memberships_contains_paid_content":false,"footnotes":"","jetpack_publicize_message":"","jetpack_publicize_feature_enabled":true,"jetpack_social_post_already_shared":true,"jetpack_social_options":{"image_generator_settings":{"template":"highway","default_image_id":0,"font":"","enabled":false},"version":2}},"categories":[4],"tags":[],"class_list":["post-43601","post","type-post","status-publish","format-standard","has-post-thumbnail","hentry","category-nacional"],"jetpack_publicize_connections":[],"jetpack_featured_media_url":"https:\/\/noticiasveracruz.com\/wp-content\/uploads\/2024\/11\/Medistik-by-Traxion-recibe-primeras-dosis-de-vacuna-contra-COVID-19-para-su-distribucion-en-Mexico.jpg","jetpack_sharing_enabled":true,"publishpress_future_action":{"enabled":false,"date":"2026-05-10 09:02:28","action":"change-status","newStatus":"draft","terms":[],"taxonomy":"category","extraData":[]},"publishpress_future_workflow_manual_trigger":{"enabledWorkflows":[]},"_links":{"self":[{"href":"https:\/\/noticiasveracruz.com\/index.php\/wp-json\/wp\/v2\/posts\/43601","targetHints":{"allow":["GET"]}}],"collection":[{"href":"https:\/\/noticiasveracruz.com\/index.php\/wp-json\/wp\/v2\/posts"}],"about":[{"href":"https:\/\/noticiasveracruz.com\/index.php\/wp-json\/wp\/v2\/types\/post"}],"author":[{"embeddable":true,"href":"https:\/\/noticiasveracruz.com\/index.php\/wp-json\/wp\/v2\/users\/4"}],"replies":[{"embeddable":true,"href":"https:\/\/noticiasveracruz.com\/index.php\/wp-json\/wp\/v2\/comments?post=43601"}],"version-history":[{"count":0,"href":"https:\/\/noticiasveracruz.com\/index.php\/wp-json\/wp\/v2\/posts\/43601\/revisions"}],"wp:featuredmedia":[{"embeddable":true,"href":"https:\/\/noticiasveracruz.com\/index.php\/wp-json\/wp\/v2\/media\/43602"}],"wp:attachment":[{"href":"https:\/\/noticiasveracruz.com\/index.php\/wp-json\/wp\/v2\/media?parent=43601"}],"wp:term":[{"taxonomy":"category","embeddable":true,"href":"https:\/\/noticiasveracruz.com\/index.php\/wp-json\/wp\/v2\/categories?post=43601"},{"taxonomy":"post_tag","embeddable":true,"href":"https:\/\/noticiasveracruz.com\/index.php\/wp-json\/wp\/v2\/tags?post=43601"}],"curies":[{"name":"wp","href":"https:\/\/api.w.org\/{rel}","templated":true}]}}