{"id":4359,"date":"2022-05-16T00:35:42","date_gmt":"2022-05-16T05:35:42","guid":{"rendered":"https:\/\/noticiasveracruz.com\/?p=4359"},"modified":"2022-05-16T00:17:51","modified_gmt":"2022-05-16T05:17:51","slug":"el-placeo-a-zenyanzen","status":"publish","type":"post","link":"https:\/\/noticiasveracruz.com\/index.php\/2022\/05\/16\/el-placeo-a-zenyanzen\/","title":{"rendered":"El placeo a Zenyanzen"},"content":{"rendered":"<p class=\"p1\">\n<p class=\"p1\"><span style=\"font-size: 18pt;\"><b>Por Luis Ram\u00edrez Baqueiro\u00a0<\/b><\/span><\/p>\n<p>&nbsp;<\/p>\n<p class=\"p1\"><span style=\"font-size: 18pt;\"><em><strong>\u201cSi me enga\u00f1as una vez, tuya es la culpa. Si me enga\u00f1as dos, la culpa es m\u00eda\u201d <\/strong><\/em><\/span><\/p>\n<p class=\"p1\"><span style=\"font-size: 18pt;\"><em>\u2013\u00a0Anax\u00e1goras \u2013<\/em><\/span><\/p>\n<p class=\"p1\">\n<p class=\"p1\"><span style=\"font-size: 14pt;\">La 4T es verdaderamente un galimat\u00edas en la construcci\u00f3n de su visi\u00f3n de estado, as\u00ed, sin ton ni son, un d\u00eda est\u00e1n con Juan, y a la ma\u00f1ana se levantan con Pedro.<\/span><\/p>\n<p class=\"p1\"><span style=\"font-size: 14pt;\">Quiz\u00e1 por ello, el presidente de M\u00e9xico, Andr\u00e9s Manuel L\u00f3pez Obrador habla de sus tan afamadas corcholatas.<\/span><\/p>\n<p class=\"p1\"><span style=\"font-size: 14pt;\">Un d\u00eda todo parec\u00eda indicar que ser\u00eda Claudia Sheinbaum, al otro Marcelo Ebrard y ahora resulta que todo est\u00e1 puesto para que sea Ad\u00e1n Augusto L\u00f3pez \u2013su paisano- el pr\u00f3ximo encantador de serpientes.<\/span><\/p>\n<p class=\"p1\"><span style=\"font-size: 14pt;\">Pero en Veracruz los morenos no cantan mal las rancheras, y eso queda de manifiesto en esa serie de cambios de se\u00f1al, que al m\u00e1s puro estilo beisbolero env\u00edan un d\u00eda s\u00ed y otro tambi\u00e9n los ap\u00f3stoles del gran iluminado.<\/span><\/p>\n<p class=\"p1\"><span style=\"font-size: 14pt;\">As\u00ed cuando todo parece estar puesto para que Roc\u00edo Nahle Garc\u00eda, secretar\u00eda de Energ\u00eda sea la sucesora de Cuitl\u00e1huac Garc\u00eda, desde el mismo Palacio Nacional, ponen y enrolan al minatitleco Sergio Guti\u00e9rrez Luna, que para esas fintas se pinta solito.<\/span><\/p>\n<p class=\"p1\"><span style=\"font-size: 14pt;\">Y esto se lo digo porque, es evidente que el gobernador Cuitl\u00e1huac Garc\u00eda Jim\u00e9nez juega tambi\u00e9n su papel en el proceso de sucesi\u00f3n estatal, y no ha dejado de evidenciar para donde corren sus afectos.<\/span><\/p>\n<p class=\"p1\"><span style=\"font-size: 14pt;\">Apenas el viernes, hizo circular una fotograf\u00eda en donde acompa\u00f1ado de puras mujeres destacadas, presidentas del Poder Judicial y del mismo Congreso del Estado, as\u00ed como relevantes compa\u00f1eras de gabinete se le vio solo con un compa\u00f1ero en la persona del presidente de la Junta de Coordinaci\u00f3n Pol\u00edtica del Congreso, Juan Javier G\u00f3mez Cazar\u00edn, mandaba un mensaje soterrado sobre su operador estrella.<\/span><\/p>\n<p class=\"p1\"><span style=\"font-size: 14pt;\">La no presencia de la Fiscal General, Ver\u00f3nica Hern\u00e1ndez Gi\u00e1dans y de su inseparable escudero el a\u00fan secretario de Gobierno E. Patrocinio Cisneros Burgos, confirma lo que todos saben, los traga porque no le queda de otra, pero mientras m\u00e1s lejos mejor.<\/span><\/p>\n<p class=\"p1\"><span style=\"font-size: 14pt;\">Aprovechando ese galimat\u00edas conceptual de la 4T, aprovecho que este domingo 15 de mayo se conmemor\u00f3 el D\u00eda del Maestro, y aprovech\u00f3 todos los reflectores que le dieron la visita rel\u00e1mpago del presidente el s\u00e1bado al World Trade Center, para sacar a su verdadero has debajo de la manga para sucederlo.<\/span><\/p>\n<p class=\"p1\"><span style=\"font-size: 14pt;\">El \u00fanico que cuenta con la ven\u00eda presidencial para moverlo a sus anchas por la entidad.<\/span><\/p>\n<p class=\"p1\"><span style=\"font-size: 14pt;\">As\u00ed Zenyanzen Escobar Garc\u00eda rob\u00f3 c\u00e1mara para soltura intestinal de algunos, movi\u00e9ndose por el patio central de Palacio Nacional junto al mismo gobernador Cuitl\u00e1huac Garc\u00eda.<\/span><\/p>\n<p>&nbsp;<\/p>\n<p><img loading=\"lazy\" decoding=\"async\" class=\"aligncenter wp-image-5358\" src=\"https:\/\/politicosaldesnudo.com.mx\/wp-content\/uploads\/2022\/05\/FOTO-ASTROLABIO-POLI\u0301TICO-225x300.jpeg\" alt=\"\" width=\"600\" height=\"800\" \/><\/p>\n<p>&nbsp;<\/p>\n<p class=\"p1\"><span style=\"font-size: 14pt;\">Tanto que hasta fotograf\u00eda con el mismo Ad\u00e1n Augusto L\u00f3pez desliz\u00f3, como record\u00e1ndole a esas huestes morenistas, la jugada va por aqu\u00ed mis queridos educandos.<\/span><\/p>\n<p class=\"p1\"><span style=\"font-size: 14pt;\">Habremos de esperar, pues con Morena y sus determinaciones ya nada se sabe, lo cierto es que est\u00e1 clase de acciones le pone nuevamente saz\u00f3n al caldo, pues quien piense que este arroz ya se coci\u00f3, est\u00e1 muy equivocado.<\/span><\/p>\n<p class=\"p1\">\n<p class=\"p1\"><span style=\"font-size: 18pt;\"><b>SEXTANTE<\/b><\/span><\/p>\n<p class=\"p1\"><span style=\"font-size: 14pt;\">Ya que en \u00faltimas fechas se ha estado se\u00f1alando la tan cacareada visita del presidente Andr\u00e9s Manuel L\u00f3pez Obrador a Cuba, quisiera solo dejar algunas reflexiones del pensador y fil\u00f3sofo italiano Norberto Bobbio respecto a su visi\u00f3n por \u201cla fascinaci\u00f3n al fascismo\u201d.<\/span><\/p>\n<p class=\"p1\"><span style=\"font-size: 14pt;\">Bobbio dec\u00eda: \u201cEl fascista habla todo el tiempo de corrupci\u00f3n, lo hizo en la Italia de 1922, en la Alemania de 1933, en el Brasil de 1966, -y yo a\u00f1adir\u00eda en el M\u00e9xico de 2018-. Acusa, insulta, agrede como si fuera puro y honesto. Pero el fascista es solo un criminal, un soci\u00f3pata que persigue una carrera pol\u00edtica. En el Poder, no vacila en torturar, violar, robar sus pertenencias, su libertad y sus derechos. M\u00e1s que corrupci\u00f3n el fascista practica la maldad\u201d.<\/span><\/p>\n<p class=\"p1\"><span style=\"font-size: 14pt;\">Si esto le parece similar a lo que hoy vivimos, t\u00f3melo y gu\u00e1rdelo en la memoria, que pronto habr\u00e1 oportunidad de cobrar la factura. Al tiempo.<\/span><\/p>\n<p>&nbsp;<\/p>\n<p>&nbsp;<\/p>\n<p class=\"p1\"><span style=\"font-size: 18pt;\"><strong>Al tiempo.<\/strong><\/span><\/p>\n<p>&nbsp;<\/p>\n<p class=\"p1\"><span style=\"font-size: 18pt;\"><strong>Correo:\u00a0<a href=\"mailto:astrolabiopoliticomx@gmail.com\">astrolabiopoliticomx@gmail.com<\/a><\/strong><\/span><\/p>\n<p class=\"p1\"><span style=\"font-size: 18pt;\"><strong>Twitter:\u00a0<a href=\"https:\/\/twitter.com\/LuisBaqueiro_mx\">@LuisBaqueiro_mx<\/a><\/strong><\/span><\/p>\n<p>&nbsp;<\/p>\n","protected":false},"excerpt":{"rendered":"<p>Por Luis Ram\u00edrez Baqueiro\u00a0 &nbsp; \u201cSi me enga\u00f1as una vez, tuya es la culpa. Si me enga\u00f1as dos, la culpa<\/p>\n","protected":false},"author":4,"featured_media":3572,"comment_status":"closed","ping_status":"closed","sticky":false,"template":"","format":"standard","meta":{"colormag_page_container_layout":"default_layout","colormag_page_sidebar_layout":"default_layout","_jetpack_memberships_contains_paid_content":false,"footnotes":"","jetpack_publicize_message":"","jetpack_publicize_feature_enabled":true,"jetpack_social_post_already_shared":false,"jetpack_social_options":{"image_generator_settings":{"template":"highway","default_image_id":0,"font":"","enabled":false},"version":2}},"categories":[6],"tags":[],"class_list":["post-4359","post","type-post","status-publish","format-standard","has-post-thumbnail","hentry","category-columnistas"],"jetpack_publicize_connections":[],"jetpack_featured_media_url":"https:\/\/noticiasveracruz.com\/wp-content\/uploads\/2022\/04\/LUIS-RAMI\u0301REZ-BAQUEIRO.png","jetpack_sharing_enabled":true,"publishpress_future_action":{"enabled":false,"date":"2026-05-09 05:07:38","action":"change-status","newStatus":"draft","terms":[],"taxonomy":"category","extraData":[]},"publishpress_future_workflow_manual_trigger":{"enabledWorkflows":[]},"_links":{"self":[{"href":"https:\/\/noticiasveracruz.com\/index.php\/wp-json\/wp\/v2\/posts\/4359","targetHints":{"allow":["GET"]}}],"collection":[{"href":"https:\/\/noticiasveracruz.com\/index.php\/wp-json\/wp\/v2\/posts"}],"about":[{"href":"https:\/\/noticiasveracruz.com\/index.php\/wp-json\/wp\/v2\/types\/post"}],"author":[{"embeddable":true,"href":"https:\/\/noticiasveracruz.com\/index.php\/wp-json\/wp\/v2\/users\/4"}],"replies":[{"embeddable":true,"href":"https:\/\/noticiasveracruz.com\/index.php\/wp-json\/wp\/v2\/comments?post=4359"}],"version-history":[{"count":0,"href":"https:\/\/noticiasveracruz.com\/index.php\/wp-json\/wp\/v2\/posts\/4359\/revisions"}],"wp:featuredmedia":[{"embeddable":true,"href":"https:\/\/noticiasveracruz.com\/index.php\/wp-json\/wp\/v2\/media\/3572"}],"wp:attachment":[{"href":"https:\/\/noticiasveracruz.com\/index.php\/wp-json\/wp\/v2\/media?parent=4359"}],"wp:term":[{"taxonomy":"category","embeddable":true,"href":"https:\/\/noticiasveracruz.com\/index.php\/wp-json\/wp\/v2\/categories?post=4359"},{"taxonomy":"post_tag","embeddable":true,"href":"https:\/\/noticiasveracruz.com\/index.php\/wp-json\/wp\/v2\/tags?post=4359"}],"curies":[{"name":"wp","href":"https:\/\/api.w.org\/{rel}","templated":true}]}}