{"id":43588,"date":"2024-11-08T00:02:54","date_gmt":"2024-11-08T06:02:54","guid":{"rendered":"https:\/\/noticiasveracruz.com\/?p=43588"},"modified":"2024-11-07T18:45:48","modified_gmt":"2024-11-08T00:45:48","slug":"llaman-a-prevenir-enfermedades-respiratorias","status":"publish","type":"post","link":"https:\/\/noticiasveracruz.com\/index.php\/2024\/11\/08\/llaman-a-prevenir-enfermedades-respiratorias\/","title":{"rendered":"Llaman a prevenir enfermedades respiratorias"},"content":{"rendered":"<p><span style=\"font-size: 14pt;\">La Jurisdicci\u00f3n Sanitaria n\u00famero 2 de Tuxpan hace un llamado a la poblaci\u00f3n para tomar medidas preventivas contra enfermedades respiratorias durante la temporada de frentes fr\u00edos.<\/span><\/p>\n<p><span style=\"font-size: 14pt;\">Explicaron qu\u00e9, esta \u00e9poca del a\u00f1o es propensa a enfermedades como gripe, influenza, bronquitis y neumon\u00eda, especialmente en grupos vulnerables como ni\u00f1os menores de 5 a\u00f1os, adultos mayores y personas con enfermedades cr\u00f3nicas.<\/span><\/p>\n<p><span style=\"font-size: 14pt;\">Para prevenir estas enfermedades, se recomienda mantenerse al d\u00eda con las inmunizaciones, como la vacuna contra la influenza y el COVID-19. Tambi\u00e9n es importante adoptar buenas pr\u00e1cticas de higiene, como lavarse las manos frecuentemente y evitar el contacto cercano con personas enfermas.<\/span><\/p>\n<p><span style=\"font-size: 14pt;\">Agregaron que es crucial mejorar la calidad del aire en los hogares y espacios p\u00fablicos, abriendo ventanas para dejar entrar aire fresco y evitar la acumulaci\u00f3n de part\u00edculas de virus en espacios cerrados. Adem\u00e1s, se recomienda usar mascarillas especialmente cuando se est\u00e1 enfermo para proteger a los dem\u00e1s.<\/span><\/p>\n<p><span style=\"font-size: 14pt;\">Personal de la Jurisdicci\u00f3n Sanitaria n\u00famero 2 enfatiza la importancia de tomar medidas preventivas para evitar la propagaci\u00f3n de virus respiratorios y proteger la salud de todos, especialmente en ni\u00f1os y personas de la tercera edad, que son m\u00e1s vulnerables a estas enfermedades.<\/span><\/p>\n<p><span style=\"font-size: 14pt;\">Se recomienda tambi\u00e9n consumir productos ricos en vitamina C, y no exponerse de forma innecesaria a los cambios bruscos en las temperaturas.<\/span><\/p>\n","protected":false},"excerpt":{"rendered":"<p>La Jurisdicci\u00f3n Sanitaria n\u00famero 2 de Tuxpan hace un llamado a la poblaci\u00f3n para tomar medidas preventivas contra enfermedades respiratorias<\/p>\n","protected":false},"author":4,"featured_media":43589,"comment_status":"closed","ping_status":"closed","sticky":false,"template":"","format":"standard","meta":{"colormag_page_container_layout":"default_layout","colormag_page_sidebar_layout":"default_layout","_jetpack_memberships_contains_paid_content":false,"footnotes":"","jetpack_publicize_message":"","jetpack_publicize_feature_enabled":true,"jetpack_social_post_already_shared":true,"jetpack_social_options":{"image_generator_settings":{"template":"highway","default_image_id":0,"font":"","enabled":false},"version":2}},"categories":[356],"tags":[],"class_list":["post-43588","post","type-post","status-publish","format-standard","has-post-thumbnail","hentry","category-veracruz"],"jetpack_publicize_connections":[],"jetpack_featured_media_url":"https:\/\/noticiasveracruz.com\/wp-content\/uploads\/2024\/11\/4c-1.jpg","jetpack_sharing_enabled":true,"publishpress_future_action":{"enabled":false,"date":"2026-05-10 04:35:45","action":"change-status","newStatus":"draft","terms":[],"taxonomy":"category","extraData":[]},"publishpress_future_workflow_manual_trigger":{"enabledWorkflows":[]},"_links":{"self":[{"href":"https:\/\/noticiasveracruz.com\/index.php\/wp-json\/wp\/v2\/posts\/43588","targetHints":{"allow":["GET"]}}],"collection":[{"href":"https:\/\/noticiasveracruz.com\/index.php\/wp-json\/wp\/v2\/posts"}],"about":[{"href":"https:\/\/noticiasveracruz.com\/index.php\/wp-json\/wp\/v2\/types\/post"}],"author":[{"embeddable":true,"href":"https:\/\/noticiasveracruz.com\/index.php\/wp-json\/wp\/v2\/users\/4"}],"replies":[{"embeddable":true,"href":"https:\/\/noticiasveracruz.com\/index.php\/wp-json\/wp\/v2\/comments?post=43588"}],"version-history":[{"count":0,"href":"https:\/\/noticiasveracruz.com\/index.php\/wp-json\/wp\/v2\/posts\/43588\/revisions"}],"wp:featuredmedia":[{"embeddable":true,"href":"https:\/\/noticiasveracruz.com\/index.php\/wp-json\/wp\/v2\/media\/43589"}],"wp:attachment":[{"href":"https:\/\/noticiasveracruz.com\/index.php\/wp-json\/wp\/v2\/media?parent=43588"}],"wp:term":[{"taxonomy":"category","embeddable":true,"href":"https:\/\/noticiasveracruz.com\/index.php\/wp-json\/wp\/v2\/categories?post=43588"},{"taxonomy":"post_tag","embeddable":true,"href":"https:\/\/noticiasveracruz.com\/index.php\/wp-json\/wp\/v2\/tags?post=43588"}],"curies":[{"name":"wp","href":"https:\/\/api.w.org\/{rel}","templated":true}]}}