{"id":4357,"date":"2022-05-16T00:30:24","date_gmt":"2022-05-16T05:30:24","guid":{"rendered":"https:\/\/noticiasveracruz.com\/?p=4357"},"modified":"2022-05-16T00:13:52","modified_gmt":"2022-05-16T05:13:52","slug":"aguascalientes-se-le-fue-al-pan","status":"publish","type":"post","link":"https:\/\/noticiasveracruz.com\/index.php\/2022\/05\/16\/aguascalientes-se-le-fue-al-pan\/","title":{"rendered":"Aguascalientes se le fue al PAN"},"content":{"rendered":"<p class=\"p1\"><span style=\"font-size: 18pt;\"><b>Por Jos\u00e9 P\u00e1ramo Castro<\/b><\/span><\/p>\n<p class=\"p1\"><span style=\"font-size: 14pt;\">Los habitantes de Aguascalientes se dieron cuenta de que esta vez la apuesta del PAN no era ni limpia en cuando a la estrategia de gobierno ni desinteresada, en cuanto a la imposici\u00f3n de su candidata y empez\u00f3 a ver alternativas m\u00e1s reales, m\u00e1s all\u00e1 de la fantas\u00eda que les ofrece ese partido tradicionalmente.<\/span><\/p>\n<p class=\"p1\"><span style=\"font-size: 14pt;\">La trayectoria oscura de la candidata del PAN a la gubernatura ha revertido las encuestas de la intenci\u00f3n del voto hasta dejar a la que fuera en un principio puntera con m\u00e1s de 20 puntos de ventaja, en el segundo lugar con, por lo menos, cuatro puntos debajo de Morena.<\/span><\/p>\n<p class=\"p1\"><span style=\"font-size: 14pt;\">Las acusaciones de dentro y fuera del PAN contra Tere Jim\u00e9nez, nacida en el Estado de M\u00e9xico, impuesta por Marko Cort\u00e9s para que impulse las \u201cenerg\u00edas limpias\u201d e imponga otro Parque de Energ\u00eda Solar que no sirve para anda y que cost\u00f3 38 mil millones de pesos. Los propietarios de la empresa de los paneles solares son socios y amigos del l\u00edder nacional el PAN, de ah\u00ed que haya intentado colocar este sistema de energ\u00eda en todos los hogares de los mexicanos para enriquecerse sin mediar costos ni calcular gastos. Cuando fue presidenta municipal de la ciudad de Aguascalientes dej\u00f3 un enorme desfalco en 2021.<\/span><\/p>\n<p class=\"p1\"><span style=\"font-size: 14pt;\">Durante su gesti\u00f3n pag\u00f3 140 millones de pesos por supuestos trabajos administrativos y legislativos a empresas fantasma, seg\u00fan denuncia p\u00fablica de Martha M\u00e1rquez, senadora de Morena, por esa entidad. Tambi\u00e9n se le acusa de controlar al Congreso local por encima de la autoridad del gobernador, quien la rechaza como candidata y se pronostica que operar\u00e1 contra ella el d\u00eda de las elecciones.<\/span><\/p>\n<p class=\"p1\"><span style=\"font-size: 14pt;\">Nadie olvida su participaci\u00f3n en la pel\u00edcula \u201cSe busca papa\u201d, donde parece haciendo propaganda en lo personal como si se t\u00e1tara de un ejemplo de funcionaria p\u00fablica.<\/span><\/p>\n<p class=\"p1\"><span style=\"font-size: 14pt;\">La panista y su partido lo saben y muestran su desesperaci\u00f3n arrancando de las paredes la propaganda de Nora Ruvalcaba, y, por si fuera poco, se mostr\u00f3 la orquestaci\u00f3n de la distribuci\u00f3n de lonches con billetes que el PAN prepar\u00f3 para repartir en un mitin con el logo de Morena, para hacer creer que se trataba de d\u00e1divas de Nora Ruvalcaba, cuando en realidad era una estrategia de los panistas para desprestigiar a su contrincante.<\/span><\/p>\n<p>&nbsp;<\/p>\n<p class=\"p1\"><span style=\"font-size: 18pt;\"><b>CAMPA\u00d1A ORQUESTADA<\/b><\/span><\/p>\n<p class=\"p1\"><span style=\"font-size: 14pt;\">Ruvalcaba G\u00e1mez, acus\u00f3 que el v\u00eddeo que se dio a conocer en redes sociales sobre la distribuci\u00f3n de lonches con dinero y el logotipo de su partido fue orquestado desde la Secretaria de Seguridad P\u00fablica del municipio capital de la ciudad de Aguascalientes con la participaci\u00f3n de personas a quienes les hicieron la promesa de conseguirles un empleo.\u00a0Asegur\u00f3 tener las pruebas suficientes para presentar una denuncia ante la Fiscal\u00eda Especializada para la Atenci\u00f3n en Delitos Electorales, entre ellas un audio que present\u00f3 en el que se oye c\u00f3mo un grupo de personas se organizan para llevar a cabo la repartici\u00f3n y la manera de actuar ante cualquier imprevisto.<\/span><\/p>\n<p class=\"p1\"><span style=\"font-size: 14pt;\">Nora Ruvalcaba anunci\u00f3 que desarrollar\u00e1 dos temas, que ata\u00f1en de manera importante a la ciudadan\u00eda: la inseguridad y la econom\u00eda, y reforzar la educaci\u00f3n, confiada de que a trav\u00e9s de ella se lograr\u00e1n resolver otras problem\u00e1ticas. Expuso que el objetivo es convertir a Aguascalientes en un estado que pasar\u00e1 de la competitividad media a la competitividad alta.<\/span><\/p>\n<p class=\"p1\"><span style=\"font-size: 14pt;\">As\u00ed se considera que las acusaciones contra la panista, Tere Jim\u00e9nez, por las irregularidades en las luminarias, el fallido parque solar y la mala condici\u00f3n del agua en la entidad han provocado que se vea cada vez menos en p\u00fablico. Es sintom\u00e1tico que el l\u00edder nacional panista\u00a0Marko Cort\u00e9s\u00a0ofreciera una conferencia de prensa en\u00a0Aguascalientes\u00a0hablando de paneles solares y su candidata al gobierno del estado, Teresa Jim\u00e9nez, estuviera ausente. Ya no quiere abucheos.<\/span><\/p>\n<p class=\"p1\"><span style=\"font-size: 14pt;\">Una m\u00e1s de las acusaciones contra la abanderada de\u00a0Va por M\u00e9xico\u00a0es sobre las malas condiciones de su gobierno al frente de la presidencia municipal de Aguascalientes, por las cuales el agua contaminada de los municipios\u00a0Calvillo, Tepezal\u00e1, y Asientos,\u00a0presenta altas concentraciones de ars\u00e9nico, cadmio y magnesio, y por ello los ni\u00f1os se han enfermado de la tiroides y ri\u00f1ones.<\/span><\/p>\n<p class=\"p1\"><span style=\"font-size: 14pt;\">Los se\u00f1alamientos apuntan a que todo se origin\u00f3 cuando la candidata de\u00a0Va por M\u00e9xico, Tere Jim\u00e9nez, renov\u00f3 el contrato con Veolia, no se preocup\u00f3 por las buenas condiciones al r\u00edo, tanto que la planta de tratamiento de aguas residuales en la presa \u201cLos Gringos\u201d se encuentra abandonada.<\/span><\/p>\n<p class=\"p1\"><span style=\"font-size: 14pt;\">Todo pronostica que Aguascalientes tambi\u00e9n se le ira de las manos al PAN dejando cada d\u00eda con menos gubernaturas al blanquiazul y debilitando a la oposici\u00f3n no s\u00f3lo para la contienda de 2024 sino en cuanto a la conservaci\u00f3n de su registro que pueden perderlo junto con el PRI, que muestra en cada momento su decadencia, o MC que tiene en su l\u00edder a su peor enemigo y del PRD ni qu\u00e9 decir.<\/span><\/p>\n<p>&nbsp;<\/p>\n<p>&nbsp;<\/p>\n<p>&nbsp;<\/p>\n<p>&nbsp;<\/p>\n","protected":false},"excerpt":{"rendered":"<p>Por Jos\u00e9 P\u00e1ramo Castro Los habitantes de Aguascalientes se dieron cuenta de que esta vez la apuesta del PAN no<\/p>\n","protected":false},"author":4,"featured_media":3569,"comment_status":"closed","ping_status":"closed","sticky":false,"template":"","format":"standard","meta":{"colormag_page_container_layout":"default_layout","colormag_page_sidebar_layout":"default_layout","_jetpack_memberships_contains_paid_content":false,"footnotes":"","jetpack_publicize_message":"","jetpack_publicize_feature_enabled":true,"jetpack_social_post_already_shared":false,"jetpack_social_options":{"image_generator_settings":{"template":"highway","default_image_id":0,"font":"","enabled":false},"version":2}},"categories":[6],"tags":[708,84,74],"class_list":["post-4357","post","type-post","status-publish","format-standard","has-post-thumbnail","hentry","category-columnistas","tag-aguascalientes","tag-morena","tag-pan"],"jetpack_publicize_connections":[],"jetpack_featured_media_url":"https:\/\/noticiasveracruz.com\/wp-content\/uploads\/2022\/04\/NV-JOSE\u0301-PA\u0301RAMO.png","jetpack_sharing_enabled":true,"publishpress_future_action":{"enabled":false,"date":"2026-05-07 07:01:01","action":"change-status","newStatus":"draft","terms":[],"taxonomy":"category","extraData":[]},"publishpress_future_workflow_manual_trigger":{"enabledWorkflows":[]},"_links":{"self":[{"href":"https:\/\/noticiasveracruz.com\/index.php\/wp-json\/wp\/v2\/posts\/4357","targetHints":{"allow":["GET"]}}],"collection":[{"href":"https:\/\/noticiasveracruz.com\/index.php\/wp-json\/wp\/v2\/posts"}],"about":[{"href":"https:\/\/noticiasveracruz.com\/index.php\/wp-json\/wp\/v2\/types\/post"}],"author":[{"embeddable":true,"href":"https:\/\/noticiasveracruz.com\/index.php\/wp-json\/wp\/v2\/users\/4"}],"replies":[{"embeddable":true,"href":"https:\/\/noticiasveracruz.com\/index.php\/wp-json\/wp\/v2\/comments?post=4357"}],"version-history":[{"count":0,"href":"https:\/\/noticiasveracruz.com\/index.php\/wp-json\/wp\/v2\/posts\/4357\/revisions"}],"wp:featuredmedia":[{"embeddable":true,"href":"https:\/\/noticiasveracruz.com\/index.php\/wp-json\/wp\/v2\/media\/3569"}],"wp:attachment":[{"href":"https:\/\/noticiasveracruz.com\/index.php\/wp-json\/wp\/v2\/media?parent=4357"}],"wp:term":[{"taxonomy":"category","embeddable":true,"href":"https:\/\/noticiasveracruz.com\/index.php\/wp-json\/wp\/v2\/categories?post=4357"},{"taxonomy":"post_tag","embeddable":true,"href":"https:\/\/noticiasveracruz.com\/index.php\/wp-json\/wp\/v2\/tags?post=4357"}],"curies":[{"name":"wp","href":"https:\/\/api.w.org\/{rel}","templated":true}]}}