{"id":43565,"date":"2024-11-07T00:17:14","date_gmt":"2024-11-07T06:17:14","guid":{"rendered":"https:\/\/noticiasveracruz.com\/?p=43565"},"modified":"2024-11-06T20:50:20","modified_gmt":"2024-11-07T02:50:20","slug":"kamala-harris-felicita-a-donald-trump-por-su-victoria-en-las-elecciones","status":"publish","type":"post","link":"https:\/\/noticiasveracruz.com\/index.php\/2024\/11\/07\/kamala-harris-felicita-a-donald-trump-por-su-victoria-en-las-elecciones\/","title":{"rendered":"Kamala Harris felicita a Donald Trump por su victoria en las elecciones"},"content":{"rendered":"<p><span style=\"font-size: 14pt;\">Kamala Harris\u00a0llam\u00f3 este mi\u00e9rcoles a\u00a0Donald Trump\u00a0para felicitarlo por su victoria en las elecciones presidenciales estadounidenses, inform\u00f3 un asesor de la\u00a0vicepresidenta.<\/span><\/p>\n<p><span style=\"font-size: 14pt;\">La campa\u00f1a dem\u00f3crata inform\u00f3 que en esa conversaci\u00f3n de concesi\u00f3n de la derrota, la candidata subray\u00f3 la importancia de que haya una transici\u00f3n \u00abpac\u00edfica\u00bb de poderes y que ejerza como presidente \u00abpara todos los estadounidenses\u00bb.<\/span><\/p>\n","protected":false},"excerpt":{"rendered":"<p>Kamala Harris\u00a0llam\u00f3 este mi\u00e9rcoles a\u00a0Donald Trump\u00a0para felicitarlo por su victoria en las elecciones presidenciales estadounidenses, inform\u00f3 un asesor de la\u00a0vicepresidenta.<\/p>\n","protected":false},"author":4,"featured_media":43566,"comment_status":"closed","ping_status":"closed","sticky":false,"template":"","format":"standard","meta":{"colormag_page_container_layout":"default_layout","colormag_page_sidebar_layout":"default_layout","_jetpack_memberships_contains_paid_content":false,"footnotes":"","jetpack_publicize_message":"","jetpack_publicize_feature_enabled":true,"jetpack_social_post_already_shared":true,"jetpack_social_options":{"image_generator_settings":{"template":"highway","default_image_id":0,"font":"","enabled":false},"version":2}},"categories":[355],"tags":[],"class_list":["post-43565","post","type-post","status-publish","format-standard","has-post-thumbnail","hentry","category-internacional"],"jetpack_publicize_connections":[],"jetpack_featured_media_url":"https:\/\/noticiasveracruz.com\/wp-content\/uploads\/2024\/11\/kamala-harris.jpg","jetpack_sharing_enabled":true,"publishpress_future_action":{"enabled":false,"date":"2026-05-08 13:43:49","action":"change-status","newStatus":"draft","terms":[],"taxonomy":"category","extraData":[]},"publishpress_future_workflow_manual_trigger":{"enabledWorkflows":[]},"_links":{"self":[{"href":"https:\/\/noticiasveracruz.com\/index.php\/wp-json\/wp\/v2\/posts\/43565","targetHints":{"allow":["GET"]}}],"collection":[{"href":"https:\/\/noticiasveracruz.com\/index.php\/wp-json\/wp\/v2\/posts"}],"about":[{"href":"https:\/\/noticiasveracruz.com\/index.php\/wp-json\/wp\/v2\/types\/post"}],"author":[{"embeddable":true,"href":"https:\/\/noticiasveracruz.com\/index.php\/wp-json\/wp\/v2\/users\/4"}],"replies":[{"embeddable":true,"href":"https:\/\/noticiasveracruz.com\/index.php\/wp-json\/wp\/v2\/comments?post=43565"}],"version-history":[{"count":0,"href":"https:\/\/noticiasveracruz.com\/index.php\/wp-json\/wp\/v2\/posts\/43565\/revisions"}],"wp:featuredmedia":[{"embeddable":true,"href":"https:\/\/noticiasveracruz.com\/index.php\/wp-json\/wp\/v2\/media\/43566"}],"wp:attachment":[{"href":"https:\/\/noticiasveracruz.com\/index.php\/wp-json\/wp\/v2\/media?parent=43565"}],"wp:term":[{"taxonomy":"category","embeddable":true,"href":"https:\/\/noticiasveracruz.com\/index.php\/wp-json\/wp\/v2\/categories?post=43565"},{"taxonomy":"post_tag","embeddable":true,"href":"https:\/\/noticiasveracruz.com\/index.php\/wp-json\/wp\/v2\/tags?post=43565"}],"curies":[{"name":"wp","href":"https:\/\/api.w.org\/{rel}","templated":true}]}}