{"id":43562,"date":"2024-11-07T00:16:29","date_gmt":"2024-11-07T06:16:29","guid":{"rendered":"https:\/\/noticiasveracruz.com\/?p=43562"},"modified":"2024-11-06T20:48:41","modified_gmt":"2024-11-07T02:48:41","slug":"joe-biden-felicita-a-trump-y-lo-invita-a-la-casa-blanca","status":"publish","type":"post","link":"https:\/\/noticiasveracruz.com\/index.php\/2024\/11\/07\/joe-biden-felicita-a-trump-y-lo-invita-a-la-casa-blanca\/","title":{"rendered":"Joe Biden felicita a Trump y lo invita a la Casa Blanca"},"content":{"rendered":"<p><span style=\"font-size: 14pt;\">El presidente estadounidense, Joe Biden, llam\u00f3 por tel\u00e9fono este mi\u00e9rcoles al\u00a0expresidente Donald Trump\u00a0para felicitarlo por su victoria del martes en las urnas y ofrecer una \u00abtransici\u00f3n tranquila\u00bb.<\/span><\/p>\n<p><span style=\"font-size: 14pt;\">En un comunicado,\u00a0la Casa Blanca\u00a0inform\u00f3 de que\u00a0Biden\u00a0mostr\u00f3 su compromiso por \u00abuna transici\u00f3n pac\u00edfica y enfatiz\u00f3 en la importancia de trabajar de forma conjunta para unir el pa\u00eds\u00bb, para lo que le emplaz\u00f3 a una reuni\u00f3n en la\u00a0Casa Blanca.<\/span><\/p>\n","protected":false},"excerpt":{"rendered":"<p>El presidente estadounidense, Joe Biden, llam\u00f3 por tel\u00e9fono este mi\u00e9rcoles al\u00a0expresidente Donald Trump\u00a0para felicitarlo por su victoria del martes en<\/p>\n","protected":false},"author":4,"featured_media":43563,"comment_status":"closed","ping_status":"closed","sticky":false,"template":"","format":"standard","meta":{"colormag_page_container_layout":"default_layout","colormag_page_sidebar_layout":"default_layout","_jetpack_memberships_contains_paid_content":false,"footnotes":"","jetpack_publicize_message":"","jetpack_publicize_feature_enabled":true,"jetpack_social_post_already_shared":true,"jetpack_social_options":{"image_generator_settings":{"template":"highway","default_image_id":0,"font":"","enabled":false},"version":2}},"categories":[355],"tags":[],"class_list":["post-43562","post","type-post","status-publish","format-standard","has-post-thumbnail","hentry","category-internacional"],"jetpack_publicize_connections":[],"jetpack_featured_media_url":"https:\/\/noticiasveracruz.com\/wp-content\/uploads\/2024\/11\/Joe-Biden.jpg","jetpack_sharing_enabled":true,"publishpress_future_action":{"enabled":false,"date":"2026-05-10 02:29:37","action":"change-status","newStatus":"draft","terms":[],"taxonomy":"category","extraData":[]},"publishpress_future_workflow_manual_trigger":{"enabledWorkflows":[]},"_links":{"self":[{"href":"https:\/\/noticiasveracruz.com\/index.php\/wp-json\/wp\/v2\/posts\/43562","targetHints":{"allow":["GET"]}}],"collection":[{"href":"https:\/\/noticiasveracruz.com\/index.php\/wp-json\/wp\/v2\/posts"}],"about":[{"href":"https:\/\/noticiasveracruz.com\/index.php\/wp-json\/wp\/v2\/types\/post"}],"author":[{"embeddable":true,"href":"https:\/\/noticiasveracruz.com\/index.php\/wp-json\/wp\/v2\/users\/4"}],"replies":[{"embeddable":true,"href":"https:\/\/noticiasveracruz.com\/index.php\/wp-json\/wp\/v2\/comments?post=43562"}],"version-history":[{"count":0,"href":"https:\/\/noticiasveracruz.com\/index.php\/wp-json\/wp\/v2\/posts\/43562\/revisions"}],"wp:featuredmedia":[{"embeddable":true,"href":"https:\/\/noticiasveracruz.com\/index.php\/wp-json\/wp\/v2\/media\/43563"}],"wp:attachment":[{"href":"https:\/\/noticiasveracruz.com\/index.php\/wp-json\/wp\/v2\/media?parent=43562"}],"wp:term":[{"taxonomy":"category","embeddable":true,"href":"https:\/\/noticiasveracruz.com\/index.php\/wp-json\/wp\/v2\/categories?post=43562"},{"taxonomy":"post_tag","embeddable":true,"href":"https:\/\/noticiasveracruz.com\/index.php\/wp-json\/wp\/v2\/tags?post=43562"}],"curies":[{"name":"wp","href":"https:\/\/api.w.org\/{rel}","templated":true}]}}