{"id":43559,"date":"2024-11-07T00:15:15","date_gmt":"2024-11-07T06:15:15","guid":{"rendered":"https:\/\/noticiasveracruz.com\/?p=43559"},"modified":"2024-11-06T20:47:02","modified_gmt":"2024-11-07T02:47:02","slug":"estalla-el-gobierno-en-alemania-con-riesgo-de-elecciones-anticipadas","status":"publish","type":"post","link":"https:\/\/noticiasveracruz.com\/index.php\/2024\/11\/07\/estalla-el-gobierno-en-alemania-con-riesgo-de-elecciones-anticipadas\/","title":{"rendered":"Estalla el gobierno en Alemania, con riesgo de elecciones anticipadas"},"content":{"rendered":"<p><span style=\"font-size: 14pt;\">Alemania\u00a0entr\u00f3 el mi\u00e9rcoles por la noche en una grave\u00a0crisis pol\u00edtica\u00a0con el estallido del fr\u00e1gil gobierno de coalici\u00f3n del socialdem\u00f3crata\u00a0Olaf Scholz, lo que abre la puerta a unas\u00a0elecciones anticipadas\u00a0a principios de 2025.<\/span><\/p>\n<p><span style=\"font-size: 14pt;\">El sacud\u00f3n llega en el peor momento para la primera econom\u00eda europea, inmersa en una grave\u00a0crisis industrial\u00a0y preocupada por las repercusiones que el regreso de\u00a0Donald Trump\u00a0a la\u00a0Casa Blanca\u00a0tendr\u00e1n en su comercio y su seguridad.<\/span><\/p>\n<p><span style=\"font-size: 14pt;\">En el gobierno desde finales de 2021, la heterog\u00e9nea coalici\u00f3n de socialdem\u00f3cratas, ecologistas y liberales salt\u00f3 por los aires tras la destituci\u00f3n del ministro de\u00a0Finanzas\u00a0y l\u00edder de la formaci\u00f3n liberal FDP,\u00a0Christian Lindner.<\/span><\/p>\n","protected":false},"excerpt":{"rendered":"<p>Alemania\u00a0entr\u00f3 el mi\u00e9rcoles por la noche en una grave\u00a0crisis pol\u00edtica\u00a0con el estallido del fr\u00e1gil gobierno de coalici\u00f3n del socialdem\u00f3crata\u00a0Olaf Scholz,<\/p>\n","protected":false},"author":4,"featured_media":43560,"comment_status":"closed","ping_status":"closed","sticky":false,"template":"","format":"standard","meta":{"colormag_page_container_layout":"default_layout","colormag_page_sidebar_layout":"default_layout","_jetpack_memberships_contains_paid_content":false,"footnotes":"","jetpack_publicize_message":"","jetpack_publicize_feature_enabled":true,"jetpack_social_post_already_shared":true,"jetpack_social_options":{"image_generator_settings":{"template":"highway","default_image_id":0,"font":"","enabled":false},"version":2}},"categories":[355],"tags":[],"class_list":["post-43559","post","type-post","status-publish","format-standard","has-post-thumbnail","hentry","category-internacional"],"jetpack_publicize_connections":[],"jetpack_featured_media_url":"https:\/\/noticiasveracruz.com\/wp-content\/uploads\/2024\/11\/Alemania-Elecciones-anticipadas.png","jetpack_sharing_enabled":true,"publishpress_future_action":{"enabled":false,"date":"2026-05-10 06:48:05","action":"change-status","newStatus":"draft","terms":[],"taxonomy":"category","extraData":[]},"publishpress_future_workflow_manual_trigger":{"enabledWorkflows":[]},"_links":{"self":[{"href":"https:\/\/noticiasveracruz.com\/index.php\/wp-json\/wp\/v2\/posts\/43559","targetHints":{"allow":["GET"]}}],"collection":[{"href":"https:\/\/noticiasveracruz.com\/index.php\/wp-json\/wp\/v2\/posts"}],"about":[{"href":"https:\/\/noticiasveracruz.com\/index.php\/wp-json\/wp\/v2\/types\/post"}],"author":[{"embeddable":true,"href":"https:\/\/noticiasveracruz.com\/index.php\/wp-json\/wp\/v2\/users\/4"}],"replies":[{"embeddable":true,"href":"https:\/\/noticiasveracruz.com\/index.php\/wp-json\/wp\/v2\/comments?post=43559"}],"version-history":[{"count":0,"href":"https:\/\/noticiasveracruz.com\/index.php\/wp-json\/wp\/v2\/posts\/43559\/revisions"}],"wp:featuredmedia":[{"embeddable":true,"href":"https:\/\/noticiasveracruz.com\/index.php\/wp-json\/wp\/v2\/media\/43560"}],"wp:attachment":[{"href":"https:\/\/noticiasveracruz.com\/index.php\/wp-json\/wp\/v2\/media?parent=43559"}],"wp:term":[{"taxonomy":"category","embeddable":true,"href":"https:\/\/noticiasveracruz.com\/index.php\/wp-json\/wp\/v2\/categories?post=43559"},{"taxonomy":"post_tag","embeddable":true,"href":"https:\/\/noticiasveracruz.com\/index.php\/wp-json\/wp\/v2\/tags?post=43559"}],"curies":[{"name":"wp","href":"https:\/\/api.w.org\/{rel}","templated":true}]}}