{"id":4355,"date":"2022-05-16T00:25:39","date_gmt":"2022-05-16T05:25:39","guid":{"rendered":"https:\/\/noticiasveracruz.com\/?p=4355"},"modified":"2022-05-16T00:10:31","modified_gmt":"2022-05-16T05:10:31","slug":"pro-amlo-o-en-su-contra","status":"publish","type":"post","link":"https:\/\/noticiasveracruz.com\/index.php\/2022\/05\/16\/pro-amlo-o-en-su-contra\/","title":{"rendered":"Pro AMLO o en su contra"},"content":{"rendered":"<p>&nbsp;<\/p>\n<p class=\"p1\"><span style=\"font-size: 18pt;\"><b>Por Pepe Valencia <\/b><\/span><\/p>\n<p class=\"p1\"><span style=\"font-size: 14pt;\">M\u00e9xico se ha dividido entre los simpatizantes del presidente Andr\u00e9s Manuel L\u00f3pez Obrador con su lealtad incondicional, los cr\u00edticos a ultranza del obradorismo y los neutrales que le reconocen aciertos y tambi\u00e9n errores.<\/span><\/p>\n<p class=\"p1\"><span style=\"font-size: 14pt;\">La popularidad de AMLO no ha menguado en lo esencial. Sin embargo, no es el m\u00e1s poderoso de los presidentes que ha habido y ha sido objeto de importantes derrotas pol\u00edticas en lo que va del sexenio.<\/span><\/p>\n<p class=\"p1\"><span style=\"font-size: 14pt;\">De acuerdo a los resultados de las elecciones del pr\u00f3ximo mes de julio en seis estados, se prever\u00e1 c\u00f3mo le podr\u00eda ir en 2024 al renovarse la presidencia de la rep\u00fablica, el Congreso de la Uni\u00f3n y varias gubernaturas.<\/span><\/p>\n<p>&nbsp;<\/p>\n<p class=\"p1\"><span style=\"font-size: 18pt;\"><b>PRON\u00d3STICO DE TRIUNFO<\/b><\/span><\/p>\n<p class=\"p1\"><span style=\"font-size: 14pt;\">Si no es aprobada la Reforma Electoral enviada por L\u00f3pez Obrador, ello constituir\u00e1 un<span class=\"Apple-converted-space\">\u00a0 <\/span>descalabro m\u00e1s para \u00e9l. Y si la aprueban, se fortalecer\u00e1 y su candidato o candidata arrasar\u00e1 en la elecci\u00f3n presidencial.<\/span><\/p>\n<p class=\"p1\"><span style=\"font-size: 14pt;\">As\u00ed, ni todo es negativo ni todo positivo. Esperemos las elecciones de los<span class=\"Apple-converted-space\">\u00a0 <\/span>gobernadores de Aguascalientes, Durango, Hidalgo, Oaxaca, Quintana Roo y Tamaulipas.<\/span><\/p>\n<p class=\"p1\"><span style=\"font-size: 14pt;\">Hasta ahora las encuestas pronostican triunfos de Morena en m\u00e1s de tres estados y, en una de esas, en los seis, ya sea por los programas sociales o por la popularidad de AMLO y de los candidatos.<\/span><\/p>\n<p class=\"p1\"><span style=\"font-size: 14pt;\">Los partidos de oposici\u00f3n no despiertan de su letargo y <span class=\"Apple-converted-space\">\u00a0 <\/span>reaccionan al son que les marca la agenda que impone todos los d\u00edas el presidente desde las conferencias ma\u00f1aneras.<\/span><\/p>\n<p class=\"p1\"><span style=\"font-size: 14pt;\">Los medios de comunicaci\u00f3n le siguen el juego al comentar largo y tendido cuanta declaraci\u00f3n lanza AMLO, sean insultos o ataques a enemigos reales o inventados y cualquier ocurrencia, en vez de resaltar lo relevante e ignorar trivialidades.<\/span><\/p>\n<p class=\"p1\"><span style=\"font-size: 14pt;\">Es inconcebible que se burle y agreda a opositores y periodistas y \u00e9stos todav\u00eda repitan p\u00fablicamente las ofensas decretadas desde el solio del poder<span class=\"Apple-converted-space\">\u00a0 <\/span>contra ellos mismos.<\/span><\/p>\n<p class=\"p1\"><span style=\"font-size: 14pt;\">Visto as\u00ed, no es culpa del indio sino de quienes le hacen el caldo gordo difundiendo y celebrando las fil\u00edpicas presidenciales contra imaginarios molinos de viento.<\/span><\/p>\n<p class=\"p1\"><span style=\"font-size: 14pt;\">Independientemente de si en lo general M\u00e9xico va bien o mal con el actual gobierno, prepar\u00e9monos para una eventual victoria de Morena en 2024.<\/span><\/p>\n<p class=\"p1\"><span style=\"font-size: 14pt;\">Esto ser\u00eda una excelente noticia para los partidarios de Andr\u00e9s Manuel L\u00f3pez Obrador y p\u00e9sima para sus adversarios. Estimados e inteligentes lectores, \u00bfen cu\u00e1l cancha se ubican ustedes? \u00bfO son imparciales y no est\u00e1n ni con mel\u00f3n ni con sand\u00eda?<\/span><\/p>\n<p class=\"p1\"><span style=\"font-size: 14pt;\">Yo opinar\u00e9 al respecto cuando sepa qui\u00e9nes ser\u00e1n los candidatos presidenciales.<\/span><\/p>\n<p>&nbsp;<\/p>\n<p>&nbsp;<\/p>\n<p>&nbsp;<\/p>\n<p>&nbsp;<\/p>\n","protected":false},"excerpt":{"rendered":"<p>&nbsp; Por Pepe Valencia M\u00e9xico se ha dividido entre los simpatizantes del presidente Andr\u00e9s Manuel L\u00f3pez Obrador con su lealtad<\/p>\n","protected":false},"author":4,"featured_media":3786,"comment_status":"closed","ping_status":"closed","sticky":false,"template":"","format":"standard","meta":{"colormag_page_container_layout":"default_layout","colormag_page_sidebar_layout":"default_layout","_jetpack_memberships_contains_paid_content":false,"footnotes":"","jetpack_publicize_message":"","jetpack_publicize_feature_enabled":true,"jetpack_social_post_already_shared":false,"jetpack_social_options":{"image_generator_settings":{"template":"highway","default_image_id":0,"font":"","enabled":false},"version":2}},"categories":[6],"tags":[],"class_list":["post-4355","post","type-post","status-publish","format-standard","has-post-thumbnail","hentry","category-columnistas"],"jetpack_publicize_connections":[],"jetpack_featured_media_url":"https:\/\/noticiasveracruz.com\/wp-content\/uploads\/2022\/05\/PEPE-VALENCIA.png","jetpack_sharing_enabled":true,"publishpress_future_action":{"enabled":false,"date":"2026-05-07 06:14:34","action":"change-status","newStatus":"draft","terms":[],"taxonomy":"category","extraData":[]},"publishpress_future_workflow_manual_trigger":{"enabledWorkflows":[]},"_links":{"self":[{"href":"https:\/\/noticiasveracruz.com\/index.php\/wp-json\/wp\/v2\/posts\/4355","targetHints":{"allow":["GET"]}}],"collection":[{"href":"https:\/\/noticiasveracruz.com\/index.php\/wp-json\/wp\/v2\/posts"}],"about":[{"href":"https:\/\/noticiasveracruz.com\/index.php\/wp-json\/wp\/v2\/types\/post"}],"author":[{"embeddable":true,"href":"https:\/\/noticiasveracruz.com\/index.php\/wp-json\/wp\/v2\/users\/4"}],"replies":[{"embeddable":true,"href":"https:\/\/noticiasveracruz.com\/index.php\/wp-json\/wp\/v2\/comments?post=4355"}],"version-history":[{"count":0,"href":"https:\/\/noticiasveracruz.com\/index.php\/wp-json\/wp\/v2\/posts\/4355\/revisions"}],"wp:featuredmedia":[{"embeddable":true,"href":"https:\/\/noticiasveracruz.com\/index.php\/wp-json\/wp\/v2\/media\/3786"}],"wp:attachment":[{"href":"https:\/\/noticiasveracruz.com\/index.php\/wp-json\/wp\/v2\/media?parent=4355"}],"wp:term":[{"taxonomy":"category","embeddable":true,"href":"https:\/\/noticiasveracruz.com\/index.php\/wp-json\/wp\/v2\/categories?post=4355"},{"taxonomy":"post_tag","embeddable":true,"href":"https:\/\/noticiasveracruz.com\/index.php\/wp-json\/wp\/v2\/tags?post=4355"}],"curies":[{"name":"wp","href":"https:\/\/api.w.org\/{rel}","templated":true}]}}