{"id":4353,"date":"2022-05-16T00:20:02","date_gmt":"2022-05-16T05:20:02","guid":{"rendered":"https:\/\/noticiasveracruz.com\/?p=4353"},"modified":"2022-05-16T00:05:35","modified_gmt":"2022-05-16T05:05:35","slug":"los-maestros-faro-de-luz","status":"publish","type":"post","link":"https:\/\/noticiasveracruz.com\/index.php\/2022\/05\/16\/los-maestros-faro-de-luz\/","title":{"rendered":"Los maestros: faro de luz"},"content":{"rendered":"<p>&nbsp;<\/p>\n<p class=\"p1\"><span style=\"font-size: 18pt;\"><b>Por Ra\u00fal L\u00f3pez G\u00f3mez<\/b><\/span><\/p>\n<p class=\"p1\"><span style=\"font-size: 14pt;\">A Los maestros en su d\u00eda: son y han sido el mejor legado para la humanidad en todos los tiempos, comenzando con el gran maestro Jes\u00fas de Nazaret, y tambi\u00e9n desde los griegos y otras culturas milenarias se sentaron las bases para lo que hoy es un hecho, una realidad con sus conceptos y visi\u00f3n del mundo, vigentes al paso del tiempo.<\/span><\/p>\n<p class=\"p1\"><span style=\"font-size: 14pt;\">En la modernidad y los maestros de antes duros, estrictos y rega\u00f1ones, pero en el contraste la calidez, el afecto y el respeto por sus educandos hoy con m\u00e1s calidez.<\/span><\/p>\n<p>&nbsp;<\/p>\n<figure id=\"attachment_5350\" aria-describedby=\"caption-attachment-5350\" style=\"width: 800px\" class=\"wp-caption aligncenter\"><img loading=\"lazy\" decoding=\"async\" class=\"wp-image-5350 size-large\" src=\"https:\/\/politicosaldesnudo.com.mx\/wp-content\/uploads\/2022\/05\/AdobeStock_77514873-1024x683.jpeg\" alt=\"\" width=\"800\" height=\"534\" \/><figcaption id=\"caption-attachment-5350\" class=\"wp-caption-text\">La gran trascendencia en la labor de los maestros.<\/figcaption><\/figure>\n<p>&nbsp;<\/p>\n<p class=\"p1\"><span style=\"font-size: 14pt;\">Los maestros de ahora, en la nueva era comprometidos y m\u00e1s cordiales, constructivistas, expertos en el aprendizaje significativo y en las competencias m\u00faltiples. ante el avance vertiginosos los modelos educativos cambiantes ven hacia el futuro a la par que el conocimiento y la tecnolog\u00eda en la era del ciberespacio.<\/span><\/p>\n<p class=\"p1\"><span style=\"font-size: 14pt;\">Ahora, todo lo que significa es \u201caprehender\u201d el conocimiento, aunque en una realidad un ni\u00f1o de cinco a\u00f1os que nace ya con la tecnolog\u00eda digital clonada en la gen\u00e9tica, y que sabe de todo lo que es el manejo de los aparatos de la nueva tecnolog\u00eda.<\/span><\/p>\n<p class=\"p1\"><span style=\"font-size: 14pt;\">Se trata de ni\u00f1os y j\u00f3venes, expertos en todo lo representa a la era digital y siguen avanzando en la ruta del conocimiento inacabada y renovada cada d\u00eda.<\/span><\/p>\n<p>&nbsp;<\/p>\n<p class=\"p1\"><span style=\"font-size: 18pt;\"><b>REFLEXI\u00d3N <\/b><\/span><\/p>\n<p class=\"p1\"><span style=\"font-size: 14pt;\">La reflexi\u00f3n sobre el verdadero sentir y hacer del maestro en el aula, en cualquier nivel en lo que representa una autentica labor de sacrificio y entrega, un apostolado de servicio por los dem\u00e1s, en especial de ni\u00f1os y j\u00f3venes siempre.<\/span><\/p>\n<p class=\"p1\"><span style=\"font-size: 14pt;\">A los maestros: Faro de Luz: Eres la luz que ilumina la ruta del camino, como un faro que gu\u00eda siempre el horizonte para llegar a m\u00ed destino.<\/span><br \/>\n<span style=\"font-size: 14pt;\">En tu labor callada y consagrada, pules con paciencia tu obra, para que al final se logren los prop\u00f3sitos de trabajar con esmero en el d\u00eda a d\u00eda, para hacer crecer a la sociedad humana.<\/span><\/p>\n<p class=\"p1\"><span style=\"font-size: 14pt;\">Sin esperar nada a cambio cumples todos los d\u00edas, en tu misi\u00f3n de compartir con generosidad los conocimientos, que servir\u00e1n en el ma\u00f1ana.<\/span><br \/>\n<span style=\"font-size: 14pt;\">Como un Faro de Luz, siempre est\u00e1s en el momento esperado, y en ocasiones ayudas con el consejo anhelado, como un padre o una madre en ausencia, cumples una doble funci\u00f3n a mi lado.<\/span><\/p>\n<p class=\"p1\"><span style=\"font-size: 14pt;\">Sin esperar nada a cambio, te comprometes a dar el todo de tu esfuerzo diario, con la convicci\u00f3n de sentirte honrado, en una estoica y heroica labor en donde nunca ser\u00e1s debidamente remunerado.<\/span><\/p>\n<p class=\"p1\">\n<span style=\"font-size: 14pt;\">Al entregar la mayor parte de tu vida en la formaci\u00f3n de los futuros ciudadanos, que se acordar\u00e1n de ti siempre en los momentos m\u00e1s esperados, porque tu obra queda guardada en el coraz\u00f3n, de todos aquellos momentos que pasaste a mi lado, observando cada parte del esfuerzo logrado, por eso el tiempo que se fue volando, para dar oportunidad a otros a seguir presentes en tu misi\u00f3n como un aut\u00e9ntico apostolado.<\/span><\/p>\n<p class=\"p1\">\n<span style=\"font-size: 14pt;\">En tus pl\u00e1ticas y an\u00e9cdotas contadas cada ma\u00f1ana, hac\u00edas que mi mente volara y se transportara por lugares insospechados, que alg\u00fan d\u00eda dejar\u00edan de ser sue\u00f1os para convertirse en la realidad deseada.<\/span><\/p>\n<p class=\"p1\">\n<span style=\"font-size: 14pt;\">Al final del d\u00eda, con la reflexi\u00f3n de los a\u00f1os, amigo, compa\u00f1ero, padre o hermano, madre , amiga o compa\u00f1era, siempre estuviste a mi lado, como un faro de luz que no se extingue, y alumbra en el caminar andado.<\/span><\/p>\n<p class=\"p1\"><span style=\"font-size: 14pt;\"> Aunque pase el tiempo, nunca se puede borrar de la mente, y del coraz\u00f3n las experiencias y los ejemplos compartidos siempre.<\/span><\/p>\n<p class=\"p1\">\n<span style=\"font-size: 14pt;\">Gracias a todos los maestros y maestra, por todos estos a\u00f1os vividos, que se convierten en el verdadero anhelo de todo ser humano, aprender para seguir en ese ejemplo de que formar significa crecer en lo espiritual y en el conocimiento, para seguir cada d\u00eda con la m\u00edstica y el recuerdo de tu convicci\u00f3n por transformar a los futuros ciudadanos.<\/span><\/p>\n<p class=\"p1\">\n<span style=\"font-size: 14pt;\">Otros ser\u00e1n profesionistas, t\u00e9cnicos o excelentes artesanos, pero siempre llevaran marcados en el coraz\u00f3n el recuerdo de tu gran esfuerzo humano, de formar y crear como un artista a la mejor obra de tu trabajo esmerado, que en ocasiones es olvidado. (Lilian Alayne Lagos L\u00f3pez) Y como dir\u00eda el poeta V\u00edctor Hugo, Abrir escuelas, para cerrar c\u00e1rceles. \u00c1ndale.<\/span><\/p>\n<p class=\"p1\">\n<span style=\"font-size: 14pt;\">La esencia del maestro desde el origen de la educaci\u00f3n en modelos cambiantes, y en manos de algunos gobernantes quienes desconocen del tema. tambi\u00e9n ha sido un lamentable fracaso inesperado que se debe superar. <\/span><\/p>\n<p>&nbsp;<\/p>\n<figure id=\"attachment_5347\" aria-describedby=\"caption-attachment-5347\" style=\"width: 800px\" class=\"wp-caption aligncenter\"><img loading=\"lazy\" decoding=\"async\" class=\"wp-image-5347 size-large\" src=\"https:\/\/politicosaldesnudo.com.mx\/wp-content\/uploads\/2022\/05\/COSMOVISIO\u0301N2-1024x681.jpeg\" alt=\"\" width=\"800\" height=\"532\" \/><figcaption id=\"caption-attachment-5347\" class=\"wp-caption-text\">El presidente Andr\u00e9s Manuel L\u00f3pez Obrador, encabez\u00f3 reuni\u00f3n en el WTC de Boca del R\u00edo, para supervisar el desarrollo de los programas federales.<\/figcaption><\/figure>\n<p>&nbsp;<\/p>\n<p class=\"p1\"><span style=\"font-size: 18pt;\"><b>AMLO EN VERACRUZ<\/b><\/span><\/p>\n<p class=\"p1\"><span style=\"font-size: 14pt;\">El presidente Andr\u00e9s Manuel L\u00f3pez Obrador, estuvo este s\u00e1bado en el WTC de Boca del R\u00edo, para supervisar el trabajo de todos los responsables de los programas sociales y productivos de Bienestar. <\/span><\/p>\n<p class=\"p1\"><span style=\"font-size: 14pt;\">Se trata, de que el pol\u00edtico tabasque\u00f1o sabe, que, en el servicio p\u00fablico, toda orden debe ser cumplida y supervisada a cabalidad y de forma darle seguimiento al cumplimiento de las metas.<\/span><\/p>\n<p class=\"p1\"><span style=\"font-size: 14pt;\">En igual forma a ras de suelo al mismo estilo de L\u00f3pez Obrador, el legislador federal veracruzano, Sergio Guti\u00e9rrez Luna, se reuni\u00f3 con productores agr\u00edcolas de la regi\u00f3n de C\u00f3rdoba a los que gestionar\u00e1 fertilizantes, al tiempo que les inform\u00f3, de los grandes avances de la Cuarta Transformaci\u00f3n en los tiempos del presidente L\u00f3pez Obrador.<\/span><\/p>\n<p>&nbsp;<\/p>\n<figure id=\"attachment_5348\" aria-describedby=\"caption-attachment-5348\" style=\"width: 800px\" class=\"wp-caption aligncenter\"><img loading=\"lazy\" decoding=\"async\" class=\"wp-image-5348\" src=\"https:\/\/politicosaldesnudo.com.mx\/wp-content\/uploads\/2022\/05\/COSMOVISIO\u0301N3-300x200.jpeg\" alt=\"\" width=\"800\" height=\"534\" \/><figcaption id=\"caption-attachment-5348\" class=\"wp-caption-text\">El diputado federal Sergio Guti\u00e9rrez Luna, acompa\u00f1ado de su esposa Diana Barreras Samaniego, se reuni\u00f3 con productores de la regi\u00f3n de Huatusco.<\/figcaption><\/figure>\n<p>&nbsp;<\/p>\n<p>&nbsp;<\/p>\n<p class=\"p1\"><span style=\"font-size: 18pt;\"><b>FESTIVAL EN COSCOMATEPEC<\/b><\/span><\/p>\n<p class=\"p1\"><span style=\"font-size: 14pt;\">Y en Coscomatepec, Guti\u00e9rrez Luna,<span class=\"Apple-converted-space\">\u00a0 <\/span>presenci\u00f3 el festival de las m\u00e1scaras danzantes. <\/span><\/p>\n<p class=\"p1\"><span style=\"font-size: 14pt;\">El veracruzano Presidente de la C\u00e1mara de Diputados, Sergio Guti\u00e9rrez Luna, puntualiz\u00f3 que, en unidad, se podr\u00e1 lograr que el Festival de M\u00e1scaras Danzantes alcance niveles internacionales y se convierta en una tradici\u00f3n.<\/span><\/p>\n<p class=\"p1\"><span style=\"font-size: 14pt;\">En la presentaci\u00f3n del Segundo Festival Nacional de M\u00e1scaras Danzantes,<span class=\"Apple-converted-space\">\u00a0 <\/span>realizado en el auditorio municipal, el diputado federal minatitleco resalt\u00f3 que con una idea -como surgi\u00f3 el primer encuentro- y en unidad podemos hacer cosas positivas.<\/span><\/p>\n<p class=\"p1\"><span style=\"font-size: 14pt;\">Del 15 al 18 de diciembre se realizar\u00e1, en este municipio, la segunda edici\u00f3n del Festival Nacional de M\u00e1scaras Danzantes donde se espera la participaci\u00f3n de treinta bailes que se practican en catorce estados del pa\u00eds.<\/span><\/p>\n<p class=\"p1\"><span style=\"font-size: 14pt;\">El diputado federal, expres\u00f3 que en el emprendimiento, la idea original del festival al decir que \u00abcon una idea, y en unidad, podemos hacer cosas positivas; podemos hacer cosas en beneficio de la comunidad, podemos hacer cosas que generen desarrollo\u00bb.<\/span><\/p>\n<p class=\"p1\"><span style=\"font-size: 14pt;\">Dijo que, pondr\u00e1 todo su empe\u00f1o para que, en unos a\u00f1os, este festival sea una tradici\u00f3n y todo mundo vea a Coscomatepec como la referencia de las danzas y m\u00e1scaras.<\/span><\/p>\n<p class=\"p1\"><span style=\"font-size: 14pt;\">Develo, el cartel con la leyenda \u00abInehtotiloyan in Yollohtzin\u00bb &#8211; que significa Donde Baila el Coraz\u00f3n, en n\u00e1huatl.<\/span><\/p>\n<p class=\"p1\"><span style=\"font-size: 14pt;\">\u201cYo quiero que este sea un momento que recordemos todos, como el momento en que tomamos la decisi\u00f3n, todos, para lograr que en pocos a\u00f1os tenga un crecimiento, donde sea reconocido, y gente de todo el pa\u00eds quiera venir para llevarlo m\u00e1s all\u00e1 de las fronteras de M\u00e9xico, y se convierta en una tradici\u00f3n\u00bb <\/span><\/p>\n<p class=\"p1\"><span style=\"font-size: 14pt;\">El legislador minatitleco consider\u00f3 que la ruta para lograr las cosas es la unidad \u00abpor eso unidos, juntos, trabajemos por el Festival, por la regi\u00f3n y por los municipios, trabajemos por el estado y por ustedes mismos\u00bb.<\/span><\/p>\n<p class=\"p1\"><span style=\"font-size: 14pt;\">Destac\u00f3, que pondr\u00e1 todo su empe\u00f1o para que del 15 al 18 de diciembre se realice un festival que tendr\u00e1 el reconocimiento nacional e internacional. As\u00ed las cosas.<\/span><\/p>\n<p>&nbsp;<\/p>\n<p>&nbsp;<\/p>\n","protected":false},"excerpt":{"rendered":"<p>&nbsp; Por Ra\u00fal L\u00f3pez G\u00f3mez A Los maestros en su d\u00eda: son y han sido el mejor legado para la<\/p>\n","protected":false},"author":4,"featured_media":3560,"comment_status":"closed","ping_status":"closed","sticky":false,"template":"","format":"standard","meta":{"colormag_page_container_layout":"default_layout","colormag_page_sidebar_layout":"default_layout","_jetpack_memberships_contains_paid_content":false,"footnotes":"","jetpack_publicize_message":"","jetpack_publicize_feature_enabled":true,"jetpack_social_post_already_shared":false,"jetpack_social_options":{"image_generator_settings":{"template":"highway","default_image_id":0,"font":"","enabled":false},"version":2}},"categories":[6],"tags":[],"class_list":["post-4353","post","type-post","status-publish","format-standard","has-post-thumbnail","hentry","category-columnistas"],"jetpack_publicize_connections":[],"jetpack_featured_media_url":"https:\/\/noticiasveracruz.com\/wp-content\/uploads\/2022\/04\/NV-RAU\u0301L-LO\u0301PEZ.png","jetpack_sharing_enabled":true,"publishpress_future_action":{"enabled":false,"date":"2026-05-07 05:42:48","action":"change-status","newStatus":"draft","terms":[],"taxonomy":"category","extraData":[]},"publishpress_future_workflow_manual_trigger":{"enabledWorkflows":[]},"_links":{"self":[{"href":"https:\/\/noticiasveracruz.com\/index.php\/wp-json\/wp\/v2\/posts\/4353","targetHints":{"allow":["GET"]}}],"collection":[{"href":"https:\/\/noticiasveracruz.com\/index.php\/wp-json\/wp\/v2\/posts"}],"about":[{"href":"https:\/\/noticiasveracruz.com\/index.php\/wp-json\/wp\/v2\/types\/post"}],"author":[{"embeddable":true,"href":"https:\/\/noticiasveracruz.com\/index.php\/wp-json\/wp\/v2\/users\/4"}],"replies":[{"embeddable":true,"href":"https:\/\/noticiasveracruz.com\/index.php\/wp-json\/wp\/v2\/comments?post=4353"}],"version-history":[{"count":0,"href":"https:\/\/noticiasveracruz.com\/index.php\/wp-json\/wp\/v2\/posts\/4353\/revisions"}],"wp:featuredmedia":[{"embeddable":true,"href":"https:\/\/noticiasveracruz.com\/index.php\/wp-json\/wp\/v2\/media\/3560"}],"wp:attachment":[{"href":"https:\/\/noticiasveracruz.com\/index.php\/wp-json\/wp\/v2\/media?parent=4353"}],"wp:term":[{"taxonomy":"category","embeddable":true,"href":"https:\/\/noticiasveracruz.com\/index.php\/wp-json\/wp\/v2\/categories?post=4353"},{"taxonomy":"post_tag","embeddable":true,"href":"https:\/\/noticiasveracruz.com\/index.php\/wp-json\/wp\/v2\/tags?post=4353"}],"curies":[{"name":"wp","href":"https:\/\/api.w.org\/{rel}","templated":true}]}}