{"id":43523,"date":"2024-11-07T00:01:18","date_gmt":"2024-11-07T06:01:18","guid":{"rendered":"https:\/\/noticiasveracruz.com\/?p=43523"},"modified":"2024-11-06T18:06:20","modified_gmt":"2024-11-07T00:06:20","slug":"invita-ine-a-consulta-infantil-y-juvenil-2024","status":"publish","type":"post","link":"https:\/\/noticiasveracruz.com\/index.php\/2024\/11\/07\/invita-ine-a-consulta-infantil-y-juvenil-2024\/","title":{"rendered":"Invita INE a Consulta Infantil y Juvenil 2024"},"content":{"rendered":"<p><span style=\"font-size: 14pt;\">Coatzacoalcos<\/span><\/p>\n<p><span style=\"font-size: 14pt;\">Durante noviembre, se realiza la D\u00e9cima Consulta Infantil y Juvenil 2024 del Instituto Nacional Electoral (INE) dirigida a la poblaci\u00f3n de 3 a 17 a\u00f1os, inform\u00f3 la presidenta de la Junta Distrital XI, Azucena Renter\u00eda Ornelas.<\/span><\/p>\n<p><span style=\"font-size: 14pt;\">\u201cDe acuerdo con nuestro programa, entre el 01 y el 30 de noviembre vamos a estar realizando a nivel nacional esta consulta infantil y juvenil\u201d, declar\u00f3.<\/span><\/p>\n<p><span style=\"font-size: 14pt;\">La consulta puede realizarse en l\u00ednea a trav\u00e9s de la p\u00e1gina:\u00a0<a href=\"https:\/\/consultainfantilyjuvenil-participacion.ine.mx%3B\/\">https:\/\/consultainfantilyjuvenil-participacion.ine.mx;<\/a>\u00a0as\u00ed como en los m\u00f3dulos que se instalar\u00e1n en diferentes puntos de Coatzacoalcos.<\/span><\/p>\n<p><span style=\"font-size: 14pt;\">Por ejemplo, este s\u00e1bado 09 de noviembre habr\u00e1 un m\u00f3dulo en la Pir\u00e1mide del Malec\u00f3n Costero en horario de 15:00 a 18:00 horas, as\u00ed como en una plaza comercial de la zona poniente.<\/span><\/p>\n<p><span style=\"font-size: 14pt;\">\u201cTambi\u00e9n en el Hemiciclo, en Gaviotas en el parque de los Dinosaurios, ah\u00ed va a estar tambi\u00e9n personal voluntario del instituto para recabar las participaciones, pero, tambi\u00e9n si quieren participar est\u00e1 a su disposici\u00f3n la liga\u00a0<a title=\"https:\/\/consultainfantilyjuvenil-participacion.ine.mx\" href=\"https:\/\/consultainfantilyjuvenil-participacion.ine.mx\/\">https:\/\/consultainfantilyjuvenil-participacion.ine.mx<\/a>\u00a0y ah\u00ed pueden participar\u201d, agreg\u00f3 la funcionaria electoral.<\/span><\/p>\n<p><span style=\"font-size: 14pt;\">Desde el 01 al 15 de este mes, realizar\u00e1n visitas a diferentes escuelas de la ciudad para aplicar la consulta que contempla tres temas, los cuales son: la seguridad en los espacios comunitarios, cuidado del medio ambiente y de los animales, as\u00ed como la prevenci\u00f3n de adicciones.<\/span><\/p>\n<p><span style=\"font-size: 14pt;\">Renter\u00eda Ornelas, aclar\u00f3 que las preguntas vienen adecuadas acorde al grupo de edad, siendo de 3 a 5 a\u00f1os, 6 a 9 a\u00f1os y de 10 a 13 y de 14 a 17.<\/span><\/p>\n","protected":false},"excerpt":{"rendered":"<p>Coatzacoalcos Durante noviembre, se realiza la D\u00e9cima Consulta Infantil y Juvenil 2024 del Instituto Nacional Electoral (INE) dirigida a la<\/p>\n","protected":false},"author":4,"featured_media":43524,"comment_status":"closed","ping_status":"closed","sticky":false,"template":"","format":"standard","meta":{"colormag_page_container_layout":"default_layout","colormag_page_sidebar_layout":"default_layout","_jetpack_memberships_contains_paid_content":false,"footnotes":"","jetpack_publicize_message":"","jetpack_publicize_feature_enabled":true,"jetpack_social_post_already_shared":true,"jetpack_social_options":{"image_generator_settings":{"template":"highway","default_image_id":0,"font":"","enabled":false},"version":2}},"categories":[356],"tags":[],"class_list":["post-43523","post","type-post","status-publish","format-standard","has-post-thumbnail","hentry","category-veracruz"],"jetpack_publicize_connections":[],"jetpack_featured_media_url":"https:\/\/noticiasveracruz.com\/wp-content\/uploads\/2024\/11\/7a.jpg","jetpack_sharing_enabled":true,"publishpress_future_action":{"enabled":false,"date":"2026-05-10 08:41:24","action":"change-status","newStatus":"draft","terms":[],"taxonomy":"category","extraData":[]},"publishpress_future_workflow_manual_trigger":{"enabledWorkflows":[]},"_links":{"self":[{"href":"https:\/\/noticiasveracruz.com\/index.php\/wp-json\/wp\/v2\/posts\/43523","targetHints":{"allow":["GET"]}}],"collection":[{"href":"https:\/\/noticiasveracruz.com\/index.php\/wp-json\/wp\/v2\/posts"}],"about":[{"href":"https:\/\/noticiasveracruz.com\/index.php\/wp-json\/wp\/v2\/types\/post"}],"author":[{"embeddable":true,"href":"https:\/\/noticiasveracruz.com\/index.php\/wp-json\/wp\/v2\/users\/4"}],"replies":[{"embeddable":true,"href":"https:\/\/noticiasveracruz.com\/index.php\/wp-json\/wp\/v2\/comments?post=43523"}],"version-history":[{"count":0,"href":"https:\/\/noticiasveracruz.com\/index.php\/wp-json\/wp\/v2\/posts\/43523\/revisions"}],"wp:featuredmedia":[{"embeddable":true,"href":"https:\/\/noticiasveracruz.com\/index.php\/wp-json\/wp\/v2\/media\/43524"}],"wp:attachment":[{"href":"https:\/\/noticiasveracruz.com\/index.php\/wp-json\/wp\/v2\/media?parent=43523"}],"wp:term":[{"taxonomy":"category","embeddable":true,"href":"https:\/\/noticiasveracruz.com\/index.php\/wp-json\/wp\/v2\/categories?post=43523"},{"taxonomy":"post_tag","embeddable":true,"href":"https:\/\/noticiasveracruz.com\/index.php\/wp-json\/wp\/v2\/tags?post=43523"}],"curies":[{"name":"wp","href":"https:\/\/api.w.org\/{rel}","templated":true}]}}