{"id":43520,"date":"2024-11-07T00:00:54","date_gmt":"2024-11-07T06:00:54","guid":{"rendered":"https:\/\/noticiasveracruz.com\/?p=43520"},"modified":"2024-11-06T18:05:04","modified_gmt":"2024-11-07T00:05:04","slug":"piden-regular-camiones-de-carga","status":"publish","type":"post","link":"https:\/\/noticiasveracruz.com\/index.php\/2024\/11\/07\/piden-regular-camiones-de-carga\/","title":{"rendered":"Piden regular camiones de carga"},"content":{"rendered":"<p><span style=\"font-size: 14pt;\">La ciudad de Tuxpan enfrenta un caos vial debido a la gran afluencia de camiones de carga de abarrotes, lo que ha generado quejas y molestias entre la poblaci\u00f3n, taxistas y particulares.<\/span><\/p>\n<p><span style=\"font-size: 14pt;\">Los agentes de Tr\u00e1nsito est\u00e1n trabajando para controlar la situaci\u00f3n y mantener el orden, pero es necesario mejorar la inspecci\u00f3n y control para solucionar este problema que lleva a\u00f1os afectando al puerto.<\/span><\/p>\n<p><span style=\"font-size: 14pt;\">Los horarios de mayor congesti\u00f3n son entre las 08:00 y 09:00 de la ma\u00f1ana, de 12:00 a 14:00 horas y de 18:00 a 20:00 horas.<\/span><\/p>\n","protected":false},"excerpt":{"rendered":"<p>La ciudad de Tuxpan enfrenta un caos vial debido a la gran afluencia de camiones de carga de abarrotes, lo<\/p>\n","protected":false},"author":4,"featured_media":43521,"comment_status":"closed","ping_status":"closed","sticky":false,"template":"","format":"standard","meta":{"colormag_page_container_layout":"default_layout","colormag_page_sidebar_layout":"default_layout","_jetpack_memberships_contains_paid_content":false,"footnotes":"","jetpack_publicize_message":"","jetpack_publicize_feature_enabled":true,"jetpack_social_post_already_shared":true,"jetpack_social_options":{"image_generator_settings":{"template":"highway","default_image_id":0,"font":"","enabled":false},"version":2}},"categories":[356],"tags":[],"class_list":["post-43520","post","type-post","status-publish","format-standard","has-post-thumbnail","hentry","category-veracruz"],"jetpack_publicize_connections":[],"jetpack_featured_media_url":"https:\/\/noticiasveracruz.com\/wp-content\/uploads\/2024\/11\/4b-1.jpg","jetpack_sharing_enabled":true,"publishpress_future_action":{"enabled":false,"date":"2026-05-10 07:33:45","action":"change-status","newStatus":"draft","terms":[],"taxonomy":"category","extraData":[]},"publishpress_future_workflow_manual_trigger":{"enabledWorkflows":[]},"_links":{"self":[{"href":"https:\/\/noticiasveracruz.com\/index.php\/wp-json\/wp\/v2\/posts\/43520","targetHints":{"allow":["GET"]}}],"collection":[{"href":"https:\/\/noticiasveracruz.com\/index.php\/wp-json\/wp\/v2\/posts"}],"about":[{"href":"https:\/\/noticiasveracruz.com\/index.php\/wp-json\/wp\/v2\/types\/post"}],"author":[{"embeddable":true,"href":"https:\/\/noticiasveracruz.com\/index.php\/wp-json\/wp\/v2\/users\/4"}],"replies":[{"embeddable":true,"href":"https:\/\/noticiasveracruz.com\/index.php\/wp-json\/wp\/v2\/comments?post=43520"}],"version-history":[{"count":0,"href":"https:\/\/noticiasveracruz.com\/index.php\/wp-json\/wp\/v2\/posts\/43520\/revisions"}],"wp:featuredmedia":[{"embeddable":true,"href":"https:\/\/noticiasveracruz.com\/index.php\/wp-json\/wp\/v2\/media\/43521"}],"wp:attachment":[{"href":"https:\/\/noticiasveracruz.com\/index.php\/wp-json\/wp\/v2\/media?parent=43520"}],"wp:term":[{"taxonomy":"category","embeddable":true,"href":"https:\/\/noticiasveracruz.com\/index.php\/wp-json\/wp\/v2\/categories?post=43520"},{"taxonomy":"post_tag","embeddable":true,"href":"https:\/\/noticiasveracruz.com\/index.php\/wp-json\/wp\/v2\/tags?post=43520"}],"curies":[{"name":"wp","href":"https:\/\/api.w.org\/{rel}","templated":true}]}}