{"id":43516,"date":"2024-11-06T11:12:06","date_gmt":"2024-11-06T17:12:06","guid":{"rendered":"https:\/\/noticiasveracruz.com\/?p=43516"},"modified":"2024-11-06T11:12:06","modified_gmt":"2024-11-06T17:12:06","slug":"la-entrevista-con-ahued-en-el-congreso","status":"publish","type":"post","link":"https:\/\/noticiasveracruz.com\/index.php\/2024\/11\/06\/la-entrevista-con-ahued-en-el-congreso\/","title":{"rendered":"La entrevista con Ahued en el Congreso"},"content":{"rendered":"<ul>\n<li><span style=\"font-size: 14pt;\">Ricardo Ahued rinde su \u00faltimo informe el 28 de noviembre<\/span><\/li>\n<li><span style=\"font-size: 14pt;\">La pol\u00edtica interna y hacer valer las indicaciones de la gobernadora<\/span><\/li>\n<li><span style=\"font-size: 14pt;\">En un gobierno austero, una secretar\u00eda austera, con gente de bien\n<p><\/span><\/li>\n<\/ul>\n<div align=\"center\"><span style=\"font-size: 14pt;\">Por Miguel \u00c1ngel Cristiani G.<\/p>\n<p><\/span><\/div>\n<div><span style=\"font-size: 14pt;\">A su llegada al Palacio Legislativo para asistir a la toma de posesi\u00f3n de los diputados de la LXVII Legislatura del Estado, el todav\u00eda alcalde de la capital del estado y pr\u00f3ximo Secretario General de Gobierno, Ricardo Ahued Bardahuil fue abordado por los reporteros sobre distintos temas de la actualidad pol\u00edtica en Veracruz.<\/span><\/div>\n<div><span style=\"font-size: 14pt;\">Por considerarlo de inter\u00e9s para los lectores, reproducimos a continuaci\u00f3n el di\u00e1logo con los reporteros de la fuente:<\/span><\/div>\n<div><span style=\"font-size: 14pt;\">Hoy es la toma de posesi\u00f3n de los diputados, pero ya aviene el primero de diciembre, \u00bfya est\u00e1 listo para este nuevo encargo?<\/span><\/div>\n<div><span style=\"font-size: 14pt;\">Ya, vamos a presentar el informe el d\u00eda 28 de noviembre, para estar listo en d\u00eda 30 y con la anuencia y la ratificaci\u00f3n de todos los que invit\u00f3 la gobernadora Roc\u00edo Nahle a su gabinete, de ser as\u00ed, ya estar\u00edamos listos para emprender esa nueva encomienda tan importante y seria que es la Secretar\u00eda de gobierno<\/span><\/div>\n<div><span style=\"font-size: 14pt;\">\u00bfa qu\u00e9 se le dar\u00e1 prioridad en la secretar\u00eda de Gobierno porque hay muchos temas en los que usted tiene que ser el mediador de alguna manera en el gobierno?<\/span><\/div>\n<div><span style=\"font-size: 14pt;\">La pol\u00edtica interna y hacer valer las indicaciones de la gobernadora, atener como ella dice, a todas y a todos los veracruzanos por igual y entender que vamos a entrar en un proceso en el que todas y todos cuentan, escuchar y tratar de resolver los problemas que se tengan en el Estado de Veracruz.<\/span><\/div>\n<div><span style=\"font-size: 14pt;\">\u00bfA cu\u00e1les se les dar\u00e1 prioridad en su agenda?<\/span><\/div>\n<div><span style=\"font-size: 14pt;\">Dar cumplimiento a las leyes, los reglamentos, en un gobierno austero, una secretar\u00eda austera, con gente de bien, que tenga deseos de servir y que tenga toda la pasi\u00f3n por hacer algo por Veracruz, sin \u00e1nimo de tener poder por poder, sino poder por servir.<\/span><\/div>\n<div><span style=\"font-size: 14pt;\">\u00bfhabr\u00e1 recortes de salarios, por ejemplo, lo van a checar?<\/span><\/div>\n<div><span style=\"font-size: 14pt;\">Eso no depende de la secretar\u00eda, eso depende del presupuesto, lo que s\u00ed tenemos que ser muy cautelosos en reducir la cantidad, como dice la gobernadora, con menos se hace m\u00e1s, creo que coincido con eso.<\/span><\/div>\n<div><span style=\"font-size: 14pt;\">Una vez que haya tomado hoy en posici\u00f3n el nuevo Congreso, ustedes \u00bfqu\u00e9 es lo que traen en la agenda con los legisladores?<\/span><\/div>\n<div><span style=\"font-size: 14pt;\">Bueno estar en contacto, acu\u00e9rdense que es la Subsecretar\u00eda de Asuntos Jur\u00eddicos y Legislativos depende de la Secretar\u00eda General para enviar todo el calendario de iniciativas y de obligaciones que tiene el gobierno con la con la C\u00e1mara con la Legislatura, dar cumplimiento en tiempo y forma, y estar atentos a una relaci\u00f3n que quiere la gobernadora con todas y todos los diputados, con mucho di\u00e1logo por el bien de Veracruz, para que crezca y no tengamos y en las diferencias encontremos acuerdos y que respetemos el pensamiento de cada quien.<\/span><\/div>\n<div><span style=\"font-size: 14pt;\">Hay temas pendientes legislativos como colectivos de desaparecidos, que tienen que ver con este fen\u00f3meno\u2026<\/span><\/div>\n<div><span style=\"font-size: 14pt;\">Mas que pendiente son permanentes acciones que habremos de emprender, en lo que comentabas un momento, en el di\u00e1logo permanente, en la ayuda en tener que ver qu\u00e9 asuntos tuvi\u00e9ramos nosotros que mejorar en la en el la nueva encomienda y tendr\u00e1n todo el apoyo de la gobernadora, es muy sensible ella como madre como tambi\u00e9n veracruzana y como gobernadora y creo que nosotros tambi\u00e9n sentimos lo mismo y estar\u00e1n abiertas las puertas, para que en el di\u00e1logo, encontramos soluciones a los problemas que les aquejan.<\/span><\/div>\n<div><span style=\"font-size: 14pt;\">La relaci\u00f3n con la oposici\u00f3n, \u00bfc\u00f3mo ser\u00e1 el di\u00e1logo es una oposici\u00f3n muy peque\u00f1a, real s\u00ed pero como ser\u00e1&#8230;?<\/span><\/div>\n<div><span style=\"font-size: 14pt;\">Como dijo de respeto, escuchando, la gobernadora ha estado haciendo recorridos de agradecimiento y se ha sentado con alcaldes de oposici\u00f3n, que no la apoyaron, sino que tuvieron ellos que ver con su partido y se ha sentado con todos, han ido a las reuniones, nos ha sentado juntos y ese es el tipo de di\u00e1logo que tiene la gobernadora para que atendamos a todos por igual.<\/span><\/div>\n<div><span style=\"font-size: 14pt;\">Los de la C\u00e1mara de Comercio dec\u00edan que con este cierre la zona de las Cumbres se Maltrata hab\u00eda muchas p\u00e9rdidas econ\u00f3micas y hoy nos volv\u00eda a referir el presidente de la C\u00e1mara de Xalapa que bueno no hay una infraestructura como tal carretera a Xalapa para poder desviar los veh\u00edculos.<\/span><\/div>\n<div><span style=\"font-size: 14pt;\">Si es lamentable, es una obra que se tiene que revisar, la mec\u00e1nica de suelo, el talud es muy importante, la seguridad, no arriesgar, es una obra que se va a llevar much\u00edsimos millones de inversi\u00f3n y que se tiene que hacer con todas las caracter\u00edsticas de norma y seguridad, en una carretera que se llevar\u00e1 seguramente varias semanas o meses para una reparaci\u00f3n seria.\u00a0 Es un tema muy delicado. Ya empezaron a hacer los estudios y tendr\u00e1n que ver la fuente de recursos tanto de la federaci\u00f3n como del estado. Ya entrar\u00e1 en acci\u00f3n el nuevo gobierno, desde luego con el apoyo de la federaci\u00f3n y de CAPUFE inclusive con la intervenci\u00f3n que est\u00e1 haciendo ahorita el gobierno del Estado y en su momento darle continuidad por el que llegue a Veracruz, como ser\u00e1 la obligaci\u00f3n que tendr\u00e1 este el personal de Obras P\u00fablicas de SIOP de SCT y en conjunto se va a resolver.<\/span><\/div>\n<div><span style=\"font-size: 14pt;\">\u00bfEsto entrar\u00eda en el proyecto de la presidenta Claudia Sheinbaum?<\/span><\/div>\n<div><span style=\"font-size: 14pt;\">Bueno no lo s\u00e9 yo no le podr\u00eda decir, pero seguramente es un inter\u00e9s nacional, tanto es estatal como regional como nacional en la atenci\u00f3n a esta obra, sin duda alguna es muy importante pues un troncal importante de vialidad para la zona industrial de C\u00f3rdoba Orizaba, para el tr\u00e1nsito de familias que ahora se est\u00e1 cargando aqu\u00ed hacia la autopista, que va desde Emiliano Zapata entrando pasando Xalapa y que va hacia Perote y que s\u00ed tra\u00eda una cantidad importante en la vialidad y en el aforo vehicular de aqu\u00ed hasta arriba de Perote.<\/span><\/div>\n<div><span style=\"font-size: 14pt;\">\u00bfEn cuanto a la inseguridad en esa zona se va a reforzar ah\u00ed?<\/span><\/div>\n<div><span style=\"font-size: 14pt;\">\u00a0Bueno hay una hay una atenci\u00f3n permanente por todas las este fuerzas de seguridad, en todo el estado, no nada m\u00e1s ah\u00ed, pero sin embargo por la vialidad de este que se ve, bueno pues s\u00ed ya se ve elementos que est\u00e1n pendientes para que se ofrezca.<\/span><\/div>\n<div><span style=\"font-size: 14pt;\">\u00bfEn cuanto a los retenes y topes que est\u00e1n en Tamarindo tambi\u00e9n es importante que los quiten de ah\u00ed?<\/span><\/div>\n<div><span style=\"font-size: 14pt;\">Hay peticiones, se tendr\u00e1 que ver desde luego con la autoridad correspondiente y una buena solicitud que se hace, tanto de ida hacia Veracruz, como de regreso, veremos si ya fue aprobado. Hay uno que es un ret\u00e9n, y el otro son unos topes para aminorar la velocidad, ya lo pidieron y est\u00e1 en tr\u00e1nsito para que se d\u00e9 la soluci\u00f3n, para que eliminen los topes, en caso de que as\u00ed decida la autoridad.<\/span><\/div>\n<div><span style=\"font-size: 14pt;\">Gracias.<\/span><\/div>\n","protected":false},"excerpt":{"rendered":"<p>Ricardo Ahued rinde su \u00faltimo informe el 28 de noviembre La pol\u00edtica interna y hacer valer las indicaciones de la<\/p>\n","protected":false},"author":4,"featured_media":29037,"comment_status":"closed","ping_status":"closed","sticky":false,"template":"","format":"standard","meta":{"colormag_page_container_layout":"default_layout","colormag_page_sidebar_layout":"default_layout","_jetpack_memberships_contains_paid_content":false,"footnotes":"","jetpack_publicize_message":"","jetpack_publicize_feature_enabled":true,"jetpack_social_post_already_shared":true,"jetpack_social_options":{"image_generator_settings":{"template":"highway","default_image_id":0,"font":"","enabled":false},"version":2}},"categories":[6],"tags":[],"class_list":["post-43516","post","type-post","status-publish","format-standard","has-post-thumbnail","hentry","category-columnistas"],"jetpack_publicize_connections":[],"jetpack_featured_media_url":"https:\/\/noticiasveracruz.com\/wp-content\/uploads\/2024\/04\/BANNER-cristiani-NV.jpg","jetpack_sharing_enabled":true,"publishpress_future_action":{"enabled":false,"date":"2026-05-10 04:32:09","action":"change-status","newStatus":"draft","terms":[],"taxonomy":"category","extraData":[]},"publishpress_future_workflow_manual_trigger":{"enabledWorkflows":[]},"_links":{"self":[{"href":"https:\/\/noticiasveracruz.com\/index.php\/wp-json\/wp\/v2\/posts\/43516","targetHints":{"allow":["GET"]}}],"collection":[{"href":"https:\/\/noticiasveracruz.com\/index.php\/wp-json\/wp\/v2\/posts"}],"about":[{"href":"https:\/\/noticiasveracruz.com\/index.php\/wp-json\/wp\/v2\/types\/post"}],"author":[{"embeddable":true,"href":"https:\/\/noticiasveracruz.com\/index.php\/wp-json\/wp\/v2\/users\/4"}],"replies":[{"embeddable":true,"href":"https:\/\/noticiasveracruz.com\/index.php\/wp-json\/wp\/v2\/comments?post=43516"}],"version-history":[{"count":0,"href":"https:\/\/noticiasveracruz.com\/index.php\/wp-json\/wp\/v2\/posts\/43516\/revisions"}],"wp:featuredmedia":[{"embeddable":true,"href":"https:\/\/noticiasveracruz.com\/index.php\/wp-json\/wp\/v2\/media\/29037"}],"wp:attachment":[{"href":"https:\/\/noticiasveracruz.com\/index.php\/wp-json\/wp\/v2\/media?parent=43516"}],"wp:term":[{"taxonomy":"category","embeddable":true,"href":"https:\/\/noticiasveracruz.com\/index.php\/wp-json\/wp\/v2\/categories?post=43516"},{"taxonomy":"post_tag","embeddable":true,"href":"https:\/\/noticiasveracruz.com\/index.php\/wp-json\/wp\/v2\/tags?post=43516"}],"curies":[{"name":"wp","href":"https:\/\/api.w.org\/{rel}","templated":true}]}}