{"id":43503,"date":"2024-11-06T07:04:36","date_gmt":"2024-11-06T13:04:36","guid":{"rendered":"https:\/\/noticiasveracruz.com\/?p=43503"},"modified":"2024-11-06T07:04:36","modified_gmt":"2024-11-06T13:04:36","slug":"fiscalia-de-veracruz-viola-derechos-humanos","status":"publish","type":"post","link":"https:\/\/noticiasveracruz.com\/index.php\/2024\/11\/06\/fiscalia-de-veracruz-viola-derechos-humanos\/","title":{"rendered":"Fiscal\u00eda de Veracruz viola derechos humanos"},"content":{"rendered":"<p><span style=\"font-size: 14pt;\"><strong>Por \u00c1ngel \u00c1lvaro Pe\u00f1a<\/strong><\/span><\/p>\n<p><span style=\"font-size: 14pt;\">La violaci\u00f3n de los derechos humanos es un problema muy preocupante para cualquier pa\u00eds del mundo, m\u00e1s a\u00fan para M\u00e9xico, porque se trata de un tema que la oposici\u00f3n, la derecha, los conservadores, dentro y fuera de los partidos, han colocado en la mesa ante gobiernos extranjeros y organismos internacionales, los cuales se han erigido como vigilantes de la integridad de los seres que habitan el planeta, pero en realidad s\u00f3lo les sirve de pretexto para intervenir en los pa\u00edses donde hay denuncias sobre el caso.<\/span><\/p>\n<p><span style=\"font-size: 14pt;\">La violaci\u00f3n a los derechos humanos sirve como puente para que lleguen a M\u00e9xico recomendaciones, amonestaciones, rega\u00f1os y hasta amenazas del extranjero.<\/span><\/p>\n<p><span style=\"font-size: 14pt;\">Con una derecha sin bandera ni identidad es muy f\u00e1cil denunciar lo que sucede en M\u00e9xico en materia de derechos humanos para tumbar o, por lo menos, desgastar el gobierno y rescatar los privilegios que consideran patrimonio familiar.<\/span><\/p>\n<p><span style=\"font-size: 14pt;\">Ante este escenario la Fiscal\u00eda General del Estado de Veracruz tiene el primer lugar en el pa\u00eds en cuanto recomendaciones por violaci\u00f3n a los derechos humanos. Hasta el momento cuenta con 107, s\u00f3lo en lo que va del a\u00f1o, es decir en 10 meses, la m\u00e1s reciente lleg\u00f3 este martes 5 de noviembre por \u201cfalta de la debida diligencia en una investigaci\u00f3n\u201d.<\/span><\/p>\n<p><span style=\"font-size: 14pt;\">Namiko Matzumoto Ben\u00edtez, presidenta de la Comisi\u00f3n Estatal de Derechos Humanos, afirm\u00f3 que la Fiscal\u00eda estatal es el organismo aut\u00f3nomo que ocupa el primer lugar en recomendaciones. Adem\u00e1s, coment\u00f3 que en algunos\u00a0<strong>Ayuntamientos de Veracruz\u00a0<\/strong>ocupan el segundo lugar en recomendaciones y, en tercer lugar, est\u00e1 la\u00a0<strong>Secretar\u00eda de Seguridad P\u00fablica<\/strong>.<\/span><\/p>\n<p><span style=\"font-size: 14pt;\">Matzumoto Ben\u00edtez, coment\u00f3 que las 107, no es n\u00famero definitivo y existe la posibilidad de que lo que resta del a\u00f1o, se pueda aumentar.<\/span><\/p>\n<p><span style=\"font-size: 14pt;\">Desde la llegada de Ver\u00f3nica Hern\u00e1ndez Giadans, se sabe que recibe \u00f3rdenes del gobernador en casos que s\u00f3lo incumben a la Fiscal\u00eda. Cuitl\u00e1huac Garc\u00eda, se propuso tumbar, desde que lleg\u00f3 al fiscal Jorge Winckler, quien no era un ejemplo de honestidad, fue sustituido simplemente por grillas del ejecutivo estatal por el simple hecho de haber sido nombrado durante el gobierno de su antecesor, de un partido diferente.<\/span><\/p>\n<p><span style=\"font-size: 14pt;\">Como Hern\u00e1ndez Giadans le debe la chamba al gobernador acepta sus mandatos que act\u00faa fuera de la legalidad y, por lo regular, por venganza o intereses personales. Un ejemplo de ello es la estad\u00eda interminable e injustificada. del ex secretario de gobierno de la administraci\u00f3n anterior, Rogelio Franco Cast\u00e1n, quien fue detenido en 2021, con lujo de violencia y con una ley que se volvi\u00f3 vigente s\u00f3lo para detenerlo. Procedimiento que lleg\u00f3 a llamarse Ley Franco, porque a dos d\u00edas de su aprehensi\u00f3n volvi\u00f3 a derogarse por violentar la integridad de los ciudadanos. Caso que no se resuelve por capricho de la fiscal, con \u00f3rdenes directas del gobernador.<\/span><\/p>\n<p><span style=\"font-size: 14pt;\">Es probable que sea Veracruz el \u00fanico estado donde haya presos pol\u00edticos por la voluntad de una sola persona que tienen esclavizada a la fiscal, quien act\u00faa con sumisi\u00f3n y obediencia a su jefe.<\/span><\/p>\n<p><span style=\"font-size: 14pt;\">Es necesario que s e voltee a ver esta situaci\u00f3n en Veracruz donde los seres humanos no tienen derechos.<\/span><\/p>\n<p><span style=\"font-size: 14pt;\">PEGA Y CORRE.- Arbitraria, sin duda, la detenci\u00f3n del periodista Humberto Guti\u00e9rrez, del portal Irapuato Despierta, el pasado domingo cuando cubr\u00eda un accidente\u00a0donde polic\u00edas municipales lo agredieron y golpearon\u2026 Esta columna se publica los lunes, mi\u00e9rcoles y viernes.<\/span><\/p>\n","protected":false},"excerpt":{"rendered":"<p>Por \u00c1ngel \u00c1lvaro Pe\u00f1a La violaci\u00f3n de los derechos humanos es un problema muy preocupante para cualquier pa\u00eds del mundo,<\/p>\n","protected":false},"author":4,"featured_media":38742,"comment_status":"closed","ping_status":"closed","sticky":false,"template":"","format":"standard","meta":{"colormag_page_container_layout":"default_layout","colormag_page_sidebar_layout":"default_layout","_jetpack_memberships_contains_paid_content":false,"footnotes":"","jetpack_publicize_message":"","jetpack_publicize_feature_enabled":true,"jetpack_social_post_already_shared":true,"jetpack_social_options":{"image_generator_settings":{"template":"highway","default_image_id":0,"font":"","enabled":false},"version":2}},"categories":[6],"tags":[],"class_list":["post-43503","post","type-post","status-publish","format-standard","has-post-thumbnail","hentry","category-columnistas"],"jetpack_publicize_connections":[],"jetpack_featured_media_url":"https:\/\/noticiasveracruz.com\/wp-content\/uploads\/2024\/08\/LOPEZ-DORIGA-LOGO.jpeg","jetpack_sharing_enabled":true,"publishpress_future_action":{"enabled":false,"date":"2026-05-08 13:02:23","action":"change-status","newStatus":"draft","terms":[],"taxonomy":"category","extraData":[]},"publishpress_future_workflow_manual_trigger":{"enabledWorkflows":[]},"_links":{"self":[{"href":"https:\/\/noticiasveracruz.com\/index.php\/wp-json\/wp\/v2\/posts\/43503","targetHints":{"allow":["GET"]}}],"collection":[{"href":"https:\/\/noticiasveracruz.com\/index.php\/wp-json\/wp\/v2\/posts"}],"about":[{"href":"https:\/\/noticiasveracruz.com\/index.php\/wp-json\/wp\/v2\/types\/post"}],"author":[{"embeddable":true,"href":"https:\/\/noticiasveracruz.com\/index.php\/wp-json\/wp\/v2\/users\/4"}],"replies":[{"embeddable":true,"href":"https:\/\/noticiasveracruz.com\/index.php\/wp-json\/wp\/v2\/comments?post=43503"}],"version-history":[{"count":0,"href":"https:\/\/noticiasveracruz.com\/index.php\/wp-json\/wp\/v2\/posts\/43503\/revisions"}],"wp:featuredmedia":[{"embeddable":true,"href":"https:\/\/noticiasveracruz.com\/index.php\/wp-json\/wp\/v2\/media\/38742"}],"wp:attachment":[{"href":"https:\/\/noticiasveracruz.com\/index.php\/wp-json\/wp\/v2\/media?parent=43503"}],"wp:term":[{"taxonomy":"category","embeddable":true,"href":"https:\/\/noticiasveracruz.com\/index.php\/wp-json\/wp\/v2\/categories?post=43503"},{"taxonomy":"post_tag","embeddable":true,"href":"https:\/\/noticiasveracruz.com\/index.php\/wp-json\/wp\/v2\/tags?post=43503"}],"curies":[{"name":"wp","href":"https:\/\/api.w.org\/{rel}","templated":true}]}}