{"id":43499,"date":"2024-11-06T06:45:07","date_gmt":"2024-11-06T12:45:07","guid":{"rendered":"https:\/\/noticiasveracruz.com\/?p=43499"},"modified":"2024-11-05T21:21:09","modified_gmt":"2024-11-06T03:21:09","slug":"la-nueva-legislatura-y-rocio-nahle","status":"publish","type":"post","link":"https:\/\/noticiasveracruz.com\/index.php\/2024\/11\/06\/la-nueva-legislatura-y-rocio-nahle\/","title":{"rendered":"La nueva Legislatura y Roc\u00edo Nahle"},"content":{"rendered":"<p><span style=\"font-size: 14pt;\">Por: Luis Ram\u00edrez Baqueiro<\/span><\/p>\n<p>&nbsp;<\/p>\n<p><span style=\"font-size: 14pt;\"><em>\u201cLa confianza en s\u00ed mismo es el requisito para las grandes conquistas.\u201d \u2013 Samuel Johnson.<\/em><\/span><\/p>\n<p><span style=\"font-size: 14pt;\">\u00a0<\/span><\/p>\n<p><span style=\"font-size: 14pt;\">Este martes 5 de noviembre un nuevo cap\u00edtulo se construir\u00e1 para la pol\u00edtica veracruzana, con la Sesi\u00f3n Solemne de Instalaci\u00f3n de la Sexag\u00e9sima S\u00e9ptima Legislatura Local, la consolidaci\u00f3n del segundo piso de la 4T se har\u00e1 realidad.<\/span><\/p>\n<p><span style=\"font-size: 14pt;\">La distancia asumida por la gobernadora electa Roc\u00edo Nahle Garc\u00eda evidencia que por fin ha retornado a la entidad una pol\u00edtica de altura y clase, respetando los tiempos, pero sobre todo las formas.<\/span><\/p>\n<p><span style=\"font-size: 14pt;\">Entrevistada por este reportero, Nahle Garc\u00eda ha sido sumamente enf\u00e1tica al se\u00f1alar \u00abSiempre hay que cuidar las formas, y en pol\u00edtica m\u00e1s, porque cuando hay respeto e institucionalidad las cosas van mejor\u00bb.<\/span><\/p>\n<p><span style=\"font-size: 14pt;\">Precis\u00f3 que los funcionarios de su gabinete s\u00ed acudir\u00e1n a acompa\u00f1arle porque de alguna manera ser\u00e1 el primer v\u00ednculo entre el Gobierno del Estado y la sociedad representada en este Poder Legislativo.<\/span><\/p>\n<p><span style=\"font-size: 14pt;\">Cuestionada por la llegada de Esteban Bautista Hern\u00e1ndez a la Coordinaci\u00f3n Parlamentaria del Grupo Legislativo y por lo mismo presidente de la Junta de Coordinaci\u00f3n Pol\u00edtica, la mandataria reconoci\u00f3 en Bautista una gran elecci\u00f3n, al ser un luchador social con a\u00f1os de experiencia.<\/span><\/p>\n<p><span style=\"font-size: 14pt;\">La relaci\u00f3n Nahle-Bautista es muy cercana, compa\u00f1eros militantes del PRD, candidatos a legisladores en 2012, y posteriormente en 2018, se identificaron por su visi\u00f3n humanitaria de la pol\u00edtica.<\/span><\/p>\n<p><span style=\"font-size: 14pt;\">Tanto a Nahle como a Bautista las cosas les gustan en orden, en respeto a la poblaci\u00f3n con la que se identifican y representan, son claros y transparentes en el quehacer p\u00fablico.<\/span><\/p>\n<p><span style=\"font-size: 14pt;\">Lo que los termin\u00f3 de identificar fue el gesto que Bautista Hern\u00e1ndez tuvo para con ella al respaldarla dejando colgado al PRD y a la Coalici\u00f3n PRI-PAN en la elecci\u00f3n de 2018, asegurando que Roc\u00edo Nahle representaba el futuro y el progreso para Veracruz.<\/span><\/p>\n<p><span style=\"font-size: 14pt;\">Ese gesto le ha valido la empat\u00eda y la confianza plena de la mandataria estatal, que no habr\u00e1 de dudar cuando se deba alzar la voz para se\u00f1alar lo que no est\u00e9 caminando por la ruta trazada por ella.<\/span><\/p>\n<p><span style=\"font-size: 14pt;\">El sentarse horas antes con las bancadas aliadas del Partido del Trabajo (PT) y del Partido Verde Ecologista de M\u00e9xico (PVEM) evidencia el fino tacto de la mujer que sabe tejer pol\u00edticamente acuerdos y relaciones con la mano franca y extendida, pero que reserva siempre la otra para dar el manotazo que ponga orden, orden y m\u00e1s orden en Veracruz.<\/span><\/p>\n<p><span style=\"font-size: 14pt;\">Hoy se estrenar\u00e1n algunos legisladores. Otros simplemente retornar\u00e1n, pero la intenci\u00f3n ser\u00e1 siempre la de tener en la nueva legislatura la opini\u00f3n plural de todas las voces que habitan nuestro bello estado de Veracruz.<\/span><\/p>\n<p><span style=\"font-size: 14pt;\">\u00a1Qu\u00e9 todo sea por el Bien de Veracruz!<\/span><\/p>\n<p><span style=\"font-size: 14pt;\">\u00a0<\/span><\/p>\n<p><span style=\"font-size: 14pt;\">Al tiempo.<\/span><\/p>\n","protected":false},"excerpt":{"rendered":"<p>Por: Luis Ram\u00edrez Baqueiro &nbsp; \u201cLa confianza en s\u00ed mismo es el requisito para las grandes conquistas.\u201d \u2013 Samuel Johnson.<\/p>\n","protected":false},"author":4,"featured_media":30989,"comment_status":"closed","ping_status":"closed","sticky":false,"template":"","format":"standard","meta":{"colormag_page_container_layout":"default_layout","colormag_page_sidebar_layout":"default_layout","_jetpack_memberships_contains_paid_content":false,"footnotes":"","jetpack_publicize_message":"","jetpack_publicize_feature_enabled":true,"jetpack_social_post_already_shared":true,"jetpack_social_options":{"image_generator_settings":{"template":"highway","default_image_id":0,"font":"","enabled":false},"version":2}},"categories":[6],"tags":[],"class_list":["post-43499","post","type-post","status-publish","format-standard","has-post-thumbnail","hentry","category-columnistas"],"jetpack_publicize_connections":[],"jetpack_featured_media_url":"https:\/\/noticiasveracruz.com\/wp-content\/uploads\/2024\/05\/LUIS-RAMIREZ-BAQUEIRO-800x445-1.png","jetpack_sharing_enabled":true,"publishpress_future_action":{"enabled":false,"date":"2026-05-10 03:11:51","action":"change-status","newStatus":"draft","terms":[],"taxonomy":"category","extraData":[]},"publishpress_future_workflow_manual_trigger":{"enabledWorkflows":[]},"_links":{"self":[{"href":"https:\/\/noticiasveracruz.com\/index.php\/wp-json\/wp\/v2\/posts\/43499","targetHints":{"allow":["GET"]}}],"collection":[{"href":"https:\/\/noticiasveracruz.com\/index.php\/wp-json\/wp\/v2\/posts"}],"about":[{"href":"https:\/\/noticiasveracruz.com\/index.php\/wp-json\/wp\/v2\/types\/post"}],"author":[{"embeddable":true,"href":"https:\/\/noticiasveracruz.com\/index.php\/wp-json\/wp\/v2\/users\/4"}],"replies":[{"embeddable":true,"href":"https:\/\/noticiasveracruz.com\/index.php\/wp-json\/wp\/v2\/comments?post=43499"}],"version-history":[{"count":0,"href":"https:\/\/noticiasveracruz.com\/index.php\/wp-json\/wp\/v2\/posts\/43499\/revisions"}],"wp:featuredmedia":[{"embeddable":true,"href":"https:\/\/noticiasveracruz.com\/index.php\/wp-json\/wp\/v2\/media\/30989"}],"wp:attachment":[{"href":"https:\/\/noticiasveracruz.com\/index.php\/wp-json\/wp\/v2\/media?parent=43499"}],"wp:term":[{"taxonomy":"category","embeddable":true,"href":"https:\/\/noticiasveracruz.com\/index.php\/wp-json\/wp\/v2\/categories?post=43499"},{"taxonomy":"post_tag","embeddable":true,"href":"https:\/\/noticiasveracruz.com\/index.php\/wp-json\/wp\/v2\/tags?post=43499"}],"curies":[{"name":"wp","href":"https:\/\/api.w.org\/{rel}","templated":true}]}}