{"id":4346,"date":"2022-05-16T00:00:36","date_gmt":"2022-05-16T05:00:36","guid":{"rendered":"https:\/\/noticiasveracruz.com\/?p=4346"},"modified":"2022-05-15T23:47:56","modified_gmt":"2022-05-16T04:47:56","slug":"el-regreso-de-la-lucha-de-clases","status":"publish","type":"post","link":"https:\/\/noticiasveracruz.com\/index.php\/2022\/05\/16\/el-regreso-de-la-lucha-de-clases\/","title":{"rendered":"El regreso de la lucha de clases"},"content":{"rendered":"<p class=\"p1\">\n<p class=\"p1\"><span style=\"font-size: 18pt;\"><b>Por Ricardo Homs<\/b><\/span><\/p>\n<p class=\"p1\"><span style=\"font-size: 14pt;\">Este viaje del presidente L\u00f3pez Obrador a Cuba y las alabanzas a la dictadura que encabeza D\u00edaz-Canel, tomando la defensa de ese pa\u00eds enfrentando abiertamente a la pol\u00edtica de Estados Unidos, -que es nuestro principal socio comercial-, nos define a los mexicanos podemos lo que podemos esperar para el futuro. <\/span><\/p>\n<p class=\"p1\"><span style=\"font-size: 14pt;\">Lo que a M\u00e9xico ayud\u00f3 a combatir la pobreza en sexenios anteriores fue la movilidad social. O sea el deseo que ten\u00edan los padres provenientes de clases socioecon\u00f3micamente bajas, de que sus hijos a trav\u00e9s de la educaci\u00f3n y escolaridad tuviesen mejores oportunidades laborales o empresariales para acceder a mejor calidad de vida. A esto los soci\u00f3logos le denominan \u201cmovilidad social\u201d.<\/span><\/p>\n<p class=\"p1\"><span style=\"font-size: 14pt;\">En contraste, la \u201clucha de clases\u201d en su versi\u00f3n original, -la verdadera visi\u00f3n ideol\u00f3gica del socialismo comprometido y no el acomodaticio como el que hoy prevalece-,<span class=\"Apple-converted-space\">\u00a0 <\/span>siempre represent\u00f3 el sentimiento de orgullo por pertenecer a la clase trabajadora y declarada enemiga de la clase empresarial.<\/span><\/p>\n<p class=\"p1\"><span style=\"font-size: 14pt;\">Hoy el discurso de la 4T, -de confrontaci\u00f3n social a trav\u00e9s de la manipulaci\u00f3n del resentimiento-, nos lleva de regreso a los tiempos de la primera mitad del siglo XX, caracterizados por el surgimiento de las ideolog\u00edas marxistas, a la que se adhirieron grandes y reconocidos artistas pl\u00e1sticos como Siqueiros, Rivera y Orozco, importantes intelectuales y los pol\u00edticos y sindicalistas.<\/span><\/p>\n<p class=\"p1\"><span style=\"font-size: 14pt;\">Sin embargo, todo cambi\u00f3 a partir del impacto de la nueva cultura empresarial sustentada en la motivaci\u00f3n del trabajador a partir del otorgamiento de prestaciones y modelos de compensaciones econ\u00f3micas que premian la productividad, las cuales surgieron a partir de los a\u00f1os sesenta.<\/span><\/p>\n<p class=\"p1\"><span style=\"font-size: 14pt;\">Esto llev\u00f3 a un alto n\u00famero de familias mexicanas a salir de la pobreza y alcanzar mejor calidad de vida.\u00a0<\/span><\/p>\n<p class=\"p1\"><span style=\"font-size: 14pt;\">Hoy la 4T ni ofrece productividad ni mejor\u00eda de calidad de vida, sino que se entrampa con la reivindicaci\u00f3n de los resentimientos y frustraciones, pero sin el ofrecimiento de mejor\u00eda de calidad de vida.<\/span><\/p>\n<p class=\"p1\"><span style=\"font-size: 14pt;\">La narrativa de confrontaci\u00f3n se ha acentuado \u00faltimamente y podemos esperar se recrudezca a partir del acercamiento del presidente L\u00f3pez Obrador a los pa\u00edses latinoamericanos con afinidades ideol\u00f3gicas a la 4T y m\u00e1s a\u00fan:<span class=\"Apple-converted-space\">\u00a0 <\/span>la evidente pretensi\u00f3n del presidente L\u00f3pez Obrador de retomar el sue\u00f1o del presidente Echeverr\u00eda, de convertirse en el l\u00edder moral de los pa\u00edses dominados por gobiernos de izquierda.<\/span><\/p>\n<p class=\"p1\"><span style=\"font-size: 14pt;\">Tomar el liderazgo es f\u00e1cil cuando se llega a los pa\u00edses m\u00e1s peque\u00f1os con el respaldo de la fortaleza econ\u00f3mica de M\u00e9xico y se patrocinan programas sociales. Por supuesto que se logran aplausos, felicitaciones y agradecimiento.<\/span><\/p>\n<p class=\"p1\"><span style=\"font-size: 14pt;\">Sin embargo, este doble discurso de confrontaci\u00f3n abierta al gobierno de los Estados Unidos organizando un bloque regional en contra de la pol\u00edtica norteamericana de discriminaci\u00f3n de las tres dictaduras hispanoamericanas cl\u00e1sicas, y por otra parte la narrativa recurrente del presidente L\u00f3pez Obrador respecto a su cercan\u00eda personal con el presidente Joe Biden y el respeto que aquel le ha manifestado a sus posiciones pol\u00edticas, presagia un momento crucial dentro de no mucho tiempo: el momento de las definiciones. No se puede quedar bien con Dios y con el diablo. Cuando llegue ese momento veremos nuestro verdadero futuro.\u00a0<\/span><\/p>\n<p class=\"p1\"><span style=\"font-size: 14pt;\">Definitivamente el presidente L\u00f3pez Obrador no tiene muy claro cu\u00e1l es la esencia de la democracia norteamericana, caracterizada por la diferenciaci\u00f3n y respeto que se tienen entre los tres poderes: el ejecutivo, legislativo y judicial.<\/span><\/p>\n<p class=\"p1\"><span style=\"font-size: 14pt;\">Las formalidades diplom\u00e1ticas de las charlas entre los presidentes L\u00f3pez Obrador y Biden no garantizan que en el legislativo permitan y toleren esas indefiniciones a las que est\u00e1 totalmente acostumbrada la clase pol\u00edtica mexicana. <\/span><\/p>\n<p class=\"p1\"><span style=\"font-size: 14pt;\">Lo que est\u00e1 en juego no es la opini\u00f3n del presidente Biden respecto al gobierno del presidente L\u00f3pez Obrador. Por ello es que se malinterpreta la tolerancia de este presidente norteamericano al gobierno de M\u00e9xico, sino comprender el esp\u00edritu de la pol\u00edtica norteamericana de los \u00faltimos sesenta, -o quiz\u00e1 setenta a\u00f1os-, y su radical oposici\u00f3n a las dictaduras de izquierda, aunque podamos cuestionar por qu\u00e9 han tolerado a las de derecha.<\/span><\/p>\n<p class=\"p1\"><span style=\"font-size: 14pt;\">Juego peligroso es el doble discurso mexicano, que denota desconocimiento absoluto de la idiosincrasia del pueblo norteamericano.<span class=\"Apple-converted-space\">\u00a0 <\/span>Si en M\u00e9xico las verdades a medias en la pol\u00edtica representan un ritual sin importancia, en Estados Unidos las palabras generan compromisos, pero las acciones definen por completo las intenciones pol\u00edticas.<\/span><\/p>\n<p class=\"p1\"><span style=\"font-size: 14pt;\">La autoproclamada vocaci\u00f3n democr\u00e1tica del presidente L\u00f3pez Obrador no encaja congruentemente con su apoyo incondicional a las tres dictaduras m\u00e1s c\u00ednicas de toda Latinoam\u00e9rica.<\/span><\/p>\n<p>&nbsp;<\/p>\n<p class=\"p1\"><strong><span style=\"font-size: 18pt;\">\u00bfA usted qu\u00e9 le parece? <span class=\"Apple-converted-space\">\u00a0 \u00a0<\/span><\/span><\/strong><\/p>\n<p>&nbsp;<\/p>\n<p>&nbsp;<\/p>\n<p class=\"p1\"><span style=\"font-size: 18pt;\"><strong>Facebook:<a href=\"https:\/\/www.facebook.com\/Ricardo.Homs1\">@Ricardo.Homs1<\/a><\/strong><\/span><\/p>\n<p class=\"p1\"><span style=\"font-size: 18pt;\"><strong>Twitter:\u00a0<\/strong><a href=\"https:\/\/twitter.com\/homsricardo\"><strong>@homsricardo<\/strong><\/a><\/span><\/p>\n<p class=\"p1\"><span style=\"font-size: 18pt;\"><strong>Linkedin:\u00a0<a href=\"https:\/\/www.linkedin.com\/in\/ricardo-homs-3920449\/?originalSubdomain=mx\">RicardoHoms<\/a><\/strong><\/span><\/p>\n<p class=\"p1\"><span style=\"font-size: 18pt;\"><a href=\"https:\/\/ricardohoms.com\/\"><strong>www.ricardohoms.com<\/strong><\/a><\/span><\/p>\n<p>&nbsp;<\/p>\n<p>&nbsp;<\/p>\n<p>&nbsp;<\/p>\n","protected":false},"excerpt":{"rendered":"<p>Por Ricardo Homs Este viaje del presidente L\u00f3pez Obrador a Cuba y las alabanzas a la dictadura que encabeza D\u00edaz-Canel,<\/p>\n","protected":false},"author":4,"featured_media":3190,"comment_status":"closed","ping_status":"closed","sticky":false,"template":"","format":"standard","meta":{"colormag_page_container_layout":"default_layout","colormag_page_sidebar_layout":"default_layout","_jetpack_memberships_contains_paid_content":false,"footnotes":"","jetpack_publicize_message":"","jetpack_publicize_feature_enabled":true,"jetpack_social_post_already_shared":false,"jetpack_social_options":{"image_generator_settings":{"template":"highway","default_image_id":0,"font":"","enabled":false},"version":2}},"categories":[6],"tags":[],"class_list":["post-4346","post","type-post","status-publish","format-standard","has-post-thumbnail","hentry","category-columnistas"],"jetpack_publicize_connections":[],"jetpack_featured_media_url":"https:\/\/noticiasveracruz.com\/wp-content\/uploads\/2022\/04\/NV-RICARDO-HOMS.png","jetpack_sharing_enabled":true,"publishpress_future_action":{"enabled":false,"date":"2026-05-05 20:53:22","action":"change-status","newStatus":"draft","terms":[],"taxonomy":"category","extraData":[]},"publishpress_future_workflow_manual_trigger":{"enabledWorkflows":[]},"_links":{"self":[{"href":"https:\/\/noticiasveracruz.com\/index.php\/wp-json\/wp\/v2\/posts\/4346","targetHints":{"allow":["GET"]}}],"collection":[{"href":"https:\/\/noticiasveracruz.com\/index.php\/wp-json\/wp\/v2\/posts"}],"about":[{"href":"https:\/\/noticiasveracruz.com\/index.php\/wp-json\/wp\/v2\/types\/post"}],"author":[{"embeddable":true,"href":"https:\/\/noticiasveracruz.com\/index.php\/wp-json\/wp\/v2\/users\/4"}],"replies":[{"embeddable":true,"href":"https:\/\/noticiasveracruz.com\/index.php\/wp-json\/wp\/v2\/comments?post=4346"}],"version-history":[{"count":0,"href":"https:\/\/noticiasveracruz.com\/index.php\/wp-json\/wp\/v2\/posts\/4346\/revisions"}],"wp:featuredmedia":[{"embeddable":true,"href":"https:\/\/noticiasveracruz.com\/index.php\/wp-json\/wp\/v2\/media\/3190"}],"wp:attachment":[{"href":"https:\/\/noticiasveracruz.com\/index.php\/wp-json\/wp\/v2\/media?parent=4346"}],"wp:term":[{"taxonomy":"category","embeddable":true,"href":"https:\/\/noticiasveracruz.com\/index.php\/wp-json\/wp\/v2\/categories?post=4346"},{"taxonomy":"post_tag","embeddable":true,"href":"https:\/\/noticiasveracruz.com\/index.php\/wp-json\/wp\/v2\/tags?post=4346"}],"curies":[{"name":"wp","href":"https:\/\/api.w.org\/{rel}","templated":true}]}}