{"id":43451,"date":"2024-11-06T00:00:07","date_gmt":"2024-11-06T06:00:07","guid":{"rendered":"https:\/\/noticiasveracruz.com\/?p=43451"},"modified":"2024-11-05T20:18:30","modified_gmt":"2024-11-06T02:18:30","slug":"recolectan-mas-de-100-toneladas-de-basura","status":"publish","type":"post","link":"https:\/\/noticiasveracruz.com\/index.php\/2024\/11\/06\/recolectan-mas-de-100-toneladas-de-basura\/","title":{"rendered":"Recolectan m\u00e1s de 100 toneladas de basura"},"content":{"rendered":"<p><span style=\"font-size: 14pt;\">Tras la conmemoraci\u00f3n del D\u00eda de Muertos, el Ayuntamiento de Tuxpan, en colaboraci\u00f3n con el Departamento de Limpia P\u00fablica y Servicios M\u00f3viles Recolectores, llev\u00f3 a cabo una intensa labor de limpieza en la Plaza de Todos los Santos y diversos panteones del puerto.<\/span><\/p>\n<p><span style=\"font-size: 14pt;\">Desde las 5:00 a.m., trabajadores y camiones recolectores retiraron desechos como ramas, hojas de pl\u00e1tano, utensilios de comida pl\u00e1sticos y de unicel, y pl\u00e1sticos, entre otros.<\/span><\/p>\n<p><span style=\"font-size: 14pt;\">Para abordar la gran demanda, se dispusieron de m\u00e1s de dos recorridos del cami\u00f3n recolector de basura, especialmente durante los d\u00edas de plaza, donde se gener\u00f3 una mayor cantidad de basura.<\/span><\/p>\n<p><span style=\"font-size: 14pt;\">Los trabajadores de Limpia P\u00fablica y recolectores de Basura reconocieron la dureza de su labor y el gran sacrificio que implica.<\/span><\/p>\n<p><span style=\"font-size: 14pt;\">En este sentido, se inst\u00f3 a la poblaci\u00f3n y comercios a colaborar en el pr\u00f3ximo a\u00f1o, siendo vigilantes y desechar en bolsas negras, respetando la separaci\u00f3n de materiales como aluminio, latas de bebidas, madera, unicel y pl\u00e1sticos.<\/span><\/p>\n<p><span style=\"font-size: 14pt;\">Se espera retirar m\u00e1s de 100 toneladas de desechos en los pr\u00f3ximos d\u00edas, incluyendo altares de flores, desechos comestibles y ramas en m\u00e1s de 60 colonias, as\u00ed como se recolectaron m\u00e1s de 50 toneladas en d\u00edas festivos y en la Plaza de Comerciantes.<\/span><\/p>\n<p><span style=\"font-size: 14pt;\">Se solicita la cooperaci\u00f3n de la ciudadan\u00eda para entregar desechos como ramas divididas y no completas, evitando da\u00f1ar los mecanismos de los camiones recolectores.<\/span><\/p>\n<p><span style=\"font-size: 14pt;\">A pesar de las dificultades mec\u00e1nicas y t\u00e9cnicas, Limpia P\u00fablica trabaja incansablemente para mantener el puerto de Tuxpan con una buena imagen en sus calles y lugares p\u00fablicos, protegiendo el medio ambiente y evitando que los desechos contaminen lugares verdes y r\u00edos.<\/span><\/p>\n","protected":false},"excerpt":{"rendered":"<p>Tras la conmemoraci\u00f3n del D\u00eda de Muertos, el Ayuntamiento de Tuxpan, en colaboraci\u00f3n con el Departamento de Limpia P\u00fablica y<\/p>\n","protected":false},"author":4,"featured_media":43452,"comment_status":"closed","ping_status":"closed","sticky":false,"template":"","format":"standard","meta":{"colormag_page_container_layout":"default_layout","colormag_page_sidebar_layout":"default_layout","_jetpack_memberships_contains_paid_content":false,"footnotes":"","jetpack_publicize_message":"","jetpack_publicize_feature_enabled":true,"jetpack_social_post_already_shared":true,"jetpack_social_options":{"image_generator_settings":{"template":"highway","default_image_id":0,"font":"","enabled":false},"version":2}},"categories":[356],"tags":[],"class_list":["post-43451","post","type-post","status-publish","format-standard","has-post-thumbnail","hentry","category-veracruz"],"jetpack_publicize_connections":[],"jetpack_featured_media_url":"https:\/\/noticiasveracruz.com\/wp-content\/uploads\/2024\/11\/5c.jpg","jetpack_sharing_enabled":true,"publishpress_future_action":{"enabled":false,"date":"2026-05-08 13:46:44","action":"change-status","newStatus":"draft","terms":[],"taxonomy":"category","extraData":[]},"publishpress_future_workflow_manual_trigger":{"enabledWorkflows":[]},"_links":{"self":[{"href":"https:\/\/noticiasveracruz.com\/index.php\/wp-json\/wp\/v2\/posts\/43451","targetHints":{"allow":["GET"]}}],"collection":[{"href":"https:\/\/noticiasveracruz.com\/index.php\/wp-json\/wp\/v2\/posts"}],"about":[{"href":"https:\/\/noticiasveracruz.com\/index.php\/wp-json\/wp\/v2\/types\/post"}],"author":[{"embeddable":true,"href":"https:\/\/noticiasveracruz.com\/index.php\/wp-json\/wp\/v2\/users\/4"}],"replies":[{"embeddable":true,"href":"https:\/\/noticiasveracruz.com\/index.php\/wp-json\/wp\/v2\/comments?post=43451"}],"version-history":[{"count":0,"href":"https:\/\/noticiasveracruz.com\/index.php\/wp-json\/wp\/v2\/posts\/43451\/revisions"}],"wp:featuredmedia":[{"embeddable":true,"href":"https:\/\/noticiasveracruz.com\/index.php\/wp-json\/wp\/v2\/media\/43452"}],"wp:attachment":[{"href":"https:\/\/noticiasveracruz.com\/index.php\/wp-json\/wp\/v2\/media?parent=43451"}],"wp:term":[{"taxonomy":"category","embeddable":true,"href":"https:\/\/noticiasveracruz.com\/index.php\/wp-json\/wp\/v2\/categories?post=43451"},{"taxonomy":"post_tag","embeddable":true,"href":"https:\/\/noticiasveracruz.com\/index.php\/wp-json\/wp\/v2\/tags?post=43451"}],"curies":[{"name":"wp","href":"https:\/\/api.w.org\/{rel}","templated":true}]}}