{"id":4333,"date":"2022-05-15T08:04:56","date_gmt":"2022-05-15T13:04:56","guid":{"rendered":"https:\/\/noticiasveracruz.com\/?p=4333"},"modified":"2022-05-15T08:04:56","modified_gmt":"2022-05-15T13:04:56","slug":"extremista-blanco-transmite-tiroteo-en-bufalo-hay-10-muertos","status":"publish","type":"post","link":"https:\/\/noticiasveracruz.com\/index.php\/2022\/05\/15\/extremista-blanco-transmite-tiroteo-en-bufalo-hay-10-muertos\/","title":{"rendered":"Extremista blanco transmite tiroteo en B\u00fafalo, hay 10 muertos"},"content":{"rendered":"<p class=\"p1\"><span style=\"font-size: 14pt;\"><em><strong>Nueva York.<\/strong> <\/em>Al menos diez muertos y tres heridos en un <strong>tiroteo en un supermercado en B\u00fafalo<\/strong>, en Nueva York.<\/span><\/p>\n<p class=\"p1\"><span style=\"font-size: 14pt;\">El atacante,\u00a0un hombre blanco de 18 a\u00f1os, viaj\u00f3 varias horas hasta llegar al aparcamiento del centro comercial, donde abri\u00f3 fuego contra las v\u00edctimas, la mayor\u00eda de raza negra.<\/span><\/p>\n<p class=\"p1\"><strong><span style=\"font-size: 14pt;\">El FBI investiga el ataque, por motivos raciales, como un \u201ccrimen de odio y extremismo violento\u201d.<\/span><\/strong><\/p>\n<p>\u00a0\u00a0<img loading=\"lazy\" decoding=\"async\" class=\"aligncenter wp-image-5323 size-large\" src=\"https:\/\/politicosaldesnudo.com.mx\/wp-content\/uploads\/2022\/05\/628017466f0d7.image_-1024x576.jpg\" alt=\"\" width=\"800\" height=\"450\" \/><\/p>\n<p>&nbsp;<\/p>\n<p>&nbsp;<\/p>\n<p class=\"p1\"><strong><span style=\"font-size: 18pt;\">\u201cTerrorismo dom\u00e9stico\u201d lo llama el presidente Joe Biden, quien ha expresado sus condolencias en un comunicado en el que\u00a0denuncia la \u00abrepugnante ideolog\u00eda nacionalista blanca\u00bb\u00a0del autor del tiroteo.<\/span><\/strong><\/p>\n<p class=\"p1\"><span style=\"font-size: 14pt;\">\u201cCualquier acto de terrorismo dom\u00e9stico, incluyendo un acto perpetrado en nombre de una repugnante ideolog\u00eda nacionalista blanca, es antit\u00e9tico a todo lo que representamos en Am\u00e9rica. El odio no debe tener un puerto seguro.\u00a0Debemos hacer todo lo que est\u00e9 en nuestra mano para acabar con el terrorismo dom\u00e9stico alimentado por el odio\u201d.<\/span><\/p>\n<p>&nbsp;<\/p>\n<p class=\"p1\"><strong><span style=\"font-size: 18pt;\">El sospechoso estaba fuertemente armado con\u00a0equipamiento militar y retransmit\u00eda en directo el ataque\u00a0a trav\u00e9s de la plataforma Twitch. En el intercambio de disparos, acab\u00f3 con la vida del guardia del supermercado y continu\u00f3 en el interior hasta que irrumpi\u00f3 la polic\u00eda.<\/span><\/strong><\/p>\n<p>&nbsp;<\/p>\n<p><img loading=\"lazy\" decoding=\"async\" class=\"aligncenter wp-image-5324 size-large\" src=\"https:\/\/politicosaldesnudo.com.mx\/wp-content\/uploads\/2022\/05\/captura-pantalla-tiroteo-1024x640.webp\" alt=\"\" width=\"800\" height=\"500\" \/><\/p>\n<p><img loading=\"lazy\" decoding=\"async\" class=\"aligncenter wp-image-5325\" src=\"https:\/\/politicosaldesnudo.com.mx\/wp-content\/uploads\/2022\/05\/ataque-tiroteo-buffalo-transmitio-700x438-1.jpeg\" alt=\"\" width=\"800\" height=\"501\" \/><\/p>\n<p>&nbsp;<\/p>\n<blockquote>\n<p class=\"p1\"><span style=\"font-size: 14pt;\">\u201cSali\u00f3 de su veh\u00edculo, estaba muy armado, ten\u00eda equipo t\u00e1ctico, ten\u00eda un casco t\u00e1ctico, ten\u00eda una c\u00e1mara que estaba transmitiendo en vivo lo que estaba haciendo. El individuo sali\u00f3 de su coche y se enfrent\u00f3 a cuatro individuos, dispar\u00f3 a cuatro personas en el aparcamiento. Luego entr\u00f3. Como he dicho, es un hombre blanco de 18 a\u00f1os, entr\u00f3 en la tienda y comenz\u00f3 a atacar a los clientes dentro de la tienda\u201d, ha explicado\u00a0Joseph Gramaglia, Comisario de Polic\u00eda de B\u00fafalo.<\/span><\/p>\n<\/blockquote>\n<p class=\"p1\"><strong><span style=\"font-size: 14pt;\">Las autoridades de\u00a0Nueva York han declarado la guerra a las armas de fuego\u00a0ante el estallido de los tiroteos desde la pandemia. El \u00faltimo,\u00a0el pasado 12 de abril en una estaci\u00f3n de metro\u00a0de la misma ciudad estadounidense que dej\u00f3 diez heridos.<\/span><\/strong><\/p>\n<p>&nbsp;<\/p>\n<p><img loading=\"lazy\" decoding=\"async\" class=\"aligncenter wp-image-5322 size-large\" src=\"https:\/\/politicosaldesnudo.com.mx\/wp-content\/uploads\/2022\/05\/6280389707746.image_-1024x683.jpg\" alt=\"\" width=\"800\" height=\"534\" \/><\/p>\n<p>&nbsp;<\/p>\n<p>&nbsp;<\/p>\n","protected":false},"excerpt":{"rendered":"<p>Nueva York. Al menos diez muertos y tres heridos en un tiroteo en un supermercado en B\u00fafalo, en Nueva York.<\/p>\n","protected":false},"author":4,"featured_media":4334,"comment_status":"closed","ping_status":"closed","sticky":false,"template":"","format":"standard","meta":{"colormag_page_container_layout":"default_layout","colormag_page_sidebar_layout":"default_layout","_jetpack_memberships_contains_paid_content":false,"footnotes":"","jetpack_publicize_message":"","jetpack_publicize_feature_enabled":true,"jetpack_social_post_already_shared":false,"jetpack_social_options":{"image_generator_settings":{"template":"highway","default_image_id":0,"font":"","enabled":false},"version":2}},"categories":[355],"tags":[707,706],"class_list":["post-4333","post","type-post","status-publish","format-standard","has-post-thumbnail","hentry","category-internacional","tag-bufalo","tag-tiroteo"],"jetpack_publicize_connections":[],"jetpack_featured_media_url":"https:\/\/noticiasveracruz.com\/wp-content\/uploads\/2022\/05\/62801749084e8.image_.jpg","jetpack_sharing_enabled":true,"publishpress_future_action":{"enabled":false,"date":"2026-05-05 21:16:30","action":"change-status","newStatus":"draft","terms":[],"taxonomy":"category","extraData":[]},"publishpress_future_workflow_manual_trigger":{"enabledWorkflows":[]},"_links":{"self":[{"href":"https:\/\/noticiasveracruz.com\/index.php\/wp-json\/wp\/v2\/posts\/4333","targetHints":{"allow":["GET"]}}],"collection":[{"href":"https:\/\/noticiasveracruz.com\/index.php\/wp-json\/wp\/v2\/posts"}],"about":[{"href":"https:\/\/noticiasveracruz.com\/index.php\/wp-json\/wp\/v2\/types\/post"}],"author":[{"embeddable":true,"href":"https:\/\/noticiasveracruz.com\/index.php\/wp-json\/wp\/v2\/users\/4"}],"replies":[{"embeddable":true,"href":"https:\/\/noticiasveracruz.com\/index.php\/wp-json\/wp\/v2\/comments?post=4333"}],"version-history":[{"count":0,"href":"https:\/\/noticiasveracruz.com\/index.php\/wp-json\/wp\/v2\/posts\/4333\/revisions"}],"wp:featuredmedia":[{"embeddable":true,"href":"https:\/\/noticiasveracruz.com\/index.php\/wp-json\/wp\/v2\/media\/4334"}],"wp:attachment":[{"href":"https:\/\/noticiasveracruz.com\/index.php\/wp-json\/wp\/v2\/media?parent=4333"}],"wp:term":[{"taxonomy":"category","embeddable":true,"href":"https:\/\/noticiasveracruz.com\/index.php\/wp-json\/wp\/v2\/categories?post=4333"},{"taxonomy":"post_tag","embeddable":true,"href":"https:\/\/noticiasveracruz.com\/index.php\/wp-json\/wp\/v2\/tags?post=4333"}],"curies":[{"name":"wp","href":"https:\/\/api.w.org\/{rel}","templated":true}]}}