{"id":43323,"date":"2024-11-04T00:03:41","date_gmt":"2024-11-04T06:03:41","guid":{"rendered":"https:\/\/noticiasveracruz.com\/?p=43323"},"modified":"2024-11-03T20:03:01","modified_gmt":"2024-11-04T02:03:01","slug":"catrinas-y-catrines-una-hermosa-expresion-de-arte-y-talento-en-la-celebracion-del-dia-de-muertos","status":"publish","type":"post","link":"https:\/\/noticiasveracruz.com\/index.php\/2024\/11\/04\/catrinas-y-catrines-una-hermosa-expresion-de-arte-y-talento-en-la-celebracion-del-dia-de-muertos\/","title":{"rendered":"Catrinas y catrines, una hermosa expresi\u00f3n de arte y talento en la celebraci\u00f3n del D\u00eda de Muertos"},"content":{"rendered":"<p><span style=\"font-size: 14pt;\">Con una impresionante demostraci\u00f3n de arte cerr\u00f3 el Festival D\u00eda de Muertos \u201cTradici\u00f3n de nuestra gente\u201d con el concurso de catrinas y catrines, una hermosa expresi\u00f3n de las ra\u00edces culturales de M\u00e9xico.<\/span><\/p>\n<p><span style=\"font-size: 14pt;\">Familias enteras se congregaron en la plaza c\u00edvica para presenciar este certamen a trav\u00e9s del cual el gobierno de Tuxpan, que preside el Lic. Jos\u00e9 Manuel Pozos Castro, busca fortalecer nuestras costumbres.<\/span><\/p>\n<p><span style=\"font-size: 14pt;\">En el evento estuvieron presentes el director de Desarrollo Social, Lic. Jes\u00fas Carballo Serrano y el director de Cultura, Israel Luna Osorio, quienes fueron los encargados de premiar a los triunfadores.<\/span><\/p>\n<p><span style=\"font-size: 14pt;\">El concurso se dividi\u00f3 en las categor\u00edas: catrina infantil, catr\u00edn infantil, catrina \u201clibre\u201d y catr\u00edn \u201clibre\u201d.<\/span><\/p>\n<p><span style=\"font-size: 14pt;\">Los jueces de este certamen calificaron el vestuario, maquillaje, originalidad y la presencia esc\u00e9nica de cada uno de los participantes.<\/span><\/p>\n<p><span style=\"font-size: 14pt;\">Por sus esplendidas caracterizaciones, en la categor\u00eda Catrina \u201clibre\u201d el primer lugar lo obtuvo Rigoberto Gonz\u00e1lez C\u00f3rdoba; el segundo lugar Luis Antonio Garc\u00eda Calixto y el tercer puesto lo ocup\u00f3 Mar Rojas.<\/span><\/p>\n<p><span style=\"font-size: 14pt;\">En la categor\u00eda Catr\u00edn \u201clibre\u201d gan\u00f3 el primer lugar Yerson Jonguitud G\u00f3mez; el segundo lugar Jos\u00e9 Emanuel S\u00e1nchez Reyes y el tercer lugar fue para Jes\u00fas Emanuel Loya P\u00e9rez.<\/span><\/p>\n<p><span style=\"font-size: 14pt;\">Los ganadores de esta categor\u00eda recibieron reconocimientos en efectivo por 8 mil, 4 mil y 3 mil pesos, respectivamente.<\/span><\/p>\n<p><span style=\"font-size: 14pt;\">Mientras en la categor\u00eda infantil los ganadores fueron la catrina representada por la ni\u00f1a Sara Victoria y el catr\u00edn Germain Gonz\u00e1lez, ambos se hicieron merecedores a un premio de dos mil pesos.<\/span><\/p>\n<p><span style=\"font-size: 14pt;\">Con el festival D\u00eda de Muertos, Tuxpan vivi\u00f3 sin duda noches que fueron testimonio de amor y respeto por las tradiciones que nos dan identidad.<\/span><\/p>\n<p><img loading=\"lazy\" decoding=\"async\" class=\"alignnone size-medium wp-image-43324\" src=\"http:\/\/noticiasveracruz.com\/wp-content\/uploads\/2024\/11\/7c8641e8-006b-4e63-9cbe-f6cec82782d6-300x200.jpg\" alt=\"\" width=\"300\" height=\"200\" srcset=\"https:\/\/noticiasveracruz.com\/wp-content\/uploads\/2024\/11\/7c8641e8-006b-4e63-9cbe-f6cec82782d6-300x200.jpg 300w, https:\/\/noticiasveracruz.com\/wp-content\/uploads\/2024\/11\/7c8641e8-006b-4e63-9cbe-f6cec82782d6-1024x681.jpg 1024w, https:\/\/noticiasveracruz.com\/wp-content\/uploads\/2024\/11\/7c8641e8-006b-4e63-9cbe-f6cec82782d6-768x511.jpg 768w, https:\/\/noticiasveracruz.com\/wp-content\/uploads\/2024\/11\/7c8641e8-006b-4e63-9cbe-f6cec82782d6-1536x1022.jpg 1536w, https:\/\/noticiasveracruz.com\/wp-content\/uploads\/2024\/11\/7c8641e8-006b-4e63-9cbe-f6cec82782d6-2048x1362.jpg 2048w\" sizes=\"auto, (max-width: 300px) 100vw, 300px\" \/> <img loading=\"lazy\" decoding=\"async\" class=\"alignnone size-medium wp-image-43325\" src=\"http:\/\/noticiasveracruz.com\/wp-content\/uploads\/2024\/11\/7dae9e61-e29b-4c37-8010-553ad3bd6d13-300x200.jpg\" alt=\"\" width=\"300\" height=\"200\" srcset=\"https:\/\/noticiasveracruz.com\/wp-content\/uploads\/2024\/11\/7dae9e61-e29b-4c37-8010-553ad3bd6d13-300x200.jpg 300w, https:\/\/noticiasveracruz.com\/wp-content\/uploads\/2024\/11\/7dae9e61-e29b-4c37-8010-553ad3bd6d13-1024x681.jpg 1024w, https:\/\/noticiasveracruz.com\/wp-content\/uploads\/2024\/11\/7dae9e61-e29b-4c37-8010-553ad3bd6d13-768x511.jpg 768w, https:\/\/noticiasveracruz.com\/wp-content\/uploads\/2024\/11\/7dae9e61-e29b-4c37-8010-553ad3bd6d13-1536x1022.jpg 1536w, https:\/\/noticiasveracruz.com\/wp-content\/uploads\/2024\/11\/7dae9e61-e29b-4c37-8010-553ad3bd6d13-2048x1362.jpg 2048w\" sizes=\"auto, (max-width: 300px) 100vw, 300px\" \/> <img loading=\"lazy\" decoding=\"async\" class=\"alignnone size-medium wp-image-43326\" src=\"http:\/\/noticiasveracruz.com\/wp-content\/uploads\/2024\/11\/a96d740e-98b8-4728-9059-cf5086a6ec0b-300x200.jpg\" alt=\"\" width=\"300\" height=\"200\" srcset=\"https:\/\/noticiasveracruz.com\/wp-content\/uploads\/2024\/11\/a96d740e-98b8-4728-9059-cf5086a6ec0b-300x200.jpg 300w, https:\/\/noticiasveracruz.com\/wp-content\/uploads\/2024\/11\/a96d740e-98b8-4728-9059-cf5086a6ec0b-1024x681.jpg 1024w, https:\/\/noticiasveracruz.com\/wp-content\/uploads\/2024\/11\/a96d740e-98b8-4728-9059-cf5086a6ec0b-768x511.jpg 768w, https:\/\/noticiasveracruz.com\/wp-content\/uploads\/2024\/11\/a96d740e-98b8-4728-9059-cf5086a6ec0b-1536x1022.jpg 1536w, https:\/\/noticiasveracruz.com\/wp-content\/uploads\/2024\/11\/a96d740e-98b8-4728-9059-cf5086a6ec0b-2048x1362.jpg 2048w\" sizes=\"auto, (max-width: 300px) 100vw, 300px\" \/> <img loading=\"lazy\" decoding=\"async\" class=\"alignnone size-medium wp-image-43327\" src=\"http:\/\/noticiasveracruz.com\/wp-content\/uploads\/2024\/11\/fabb2c97-59ac-40a0-bed1-198bf10602d4-300x200.jpg\" alt=\"\" width=\"300\" height=\"200\" srcset=\"https:\/\/noticiasveracruz.com\/wp-content\/uploads\/2024\/11\/fabb2c97-59ac-40a0-bed1-198bf10602d4-300x200.jpg 300w, https:\/\/noticiasveracruz.com\/wp-content\/uploads\/2024\/11\/fabb2c97-59ac-40a0-bed1-198bf10602d4-1024x681.jpg 1024w, https:\/\/noticiasveracruz.com\/wp-content\/uploads\/2024\/11\/fabb2c97-59ac-40a0-bed1-198bf10602d4-768x511.jpg 768w, https:\/\/noticiasveracruz.com\/wp-content\/uploads\/2024\/11\/fabb2c97-59ac-40a0-bed1-198bf10602d4-1536x1022.jpg 1536w, https:\/\/noticiasveracruz.com\/wp-content\/uploads\/2024\/11\/fabb2c97-59ac-40a0-bed1-198bf10602d4-2048x1362.jpg 2048w\" sizes=\"auto, (max-width: 300px) 100vw, 300px\" \/><\/p>\n","protected":false},"excerpt":{"rendered":"<p>Con una impresionante demostraci\u00f3n de arte cerr\u00f3 el Festival D\u00eda de Muertos \u201cTradici\u00f3n de nuestra gente\u201d con el concurso de<\/p>\n","protected":false},"author":4,"featured_media":43328,"comment_status":"closed","ping_status":"closed","sticky":false,"template":"","format":"standard","meta":{"colormag_page_container_layout":"default_layout","colormag_page_sidebar_layout":"default_layout","_jetpack_memberships_contains_paid_content":false,"footnotes":"","jetpack_publicize_message":"","jetpack_publicize_feature_enabled":true,"jetpack_social_post_already_shared":true,"jetpack_social_options":{"image_generator_settings":{"template":"highway","default_image_id":0,"font":"","enabled":false},"version":2}},"categories":[3372,356],"tags":[],"class_list":["post-43323","post","type-post","status-publish","format-standard","has-post-thumbnail","hentry","category-gobierno-tuxpan","category-veracruz"],"jetpack_publicize_connections":[],"jetpack_featured_media_url":"https:\/\/noticiasveracruz.com\/wp-content\/uploads\/2024\/11\/7f961ec8-114b-4941-81fc-ca486ad68f0a-scaled.jpg","jetpack_sharing_enabled":true,"publishpress_future_action":{"enabled":false,"date":"2026-05-08 12:57:18","action":"change-status","newStatus":"draft","terms":[],"taxonomy":"category","extraData":[]},"publishpress_future_workflow_manual_trigger":{"enabledWorkflows":[]},"_links":{"self":[{"href":"https:\/\/noticiasveracruz.com\/index.php\/wp-json\/wp\/v2\/posts\/43323","targetHints":{"allow":["GET"]}}],"collection":[{"href":"https:\/\/noticiasveracruz.com\/index.php\/wp-json\/wp\/v2\/posts"}],"about":[{"href":"https:\/\/noticiasveracruz.com\/index.php\/wp-json\/wp\/v2\/types\/post"}],"author":[{"embeddable":true,"href":"https:\/\/noticiasveracruz.com\/index.php\/wp-json\/wp\/v2\/users\/4"}],"replies":[{"embeddable":true,"href":"https:\/\/noticiasveracruz.com\/index.php\/wp-json\/wp\/v2\/comments?post=43323"}],"version-history":[{"count":0,"href":"https:\/\/noticiasveracruz.com\/index.php\/wp-json\/wp\/v2\/posts\/43323\/revisions"}],"wp:featuredmedia":[{"embeddable":true,"href":"https:\/\/noticiasveracruz.com\/index.php\/wp-json\/wp\/v2\/media\/43328"}],"wp:attachment":[{"href":"https:\/\/noticiasveracruz.com\/index.php\/wp-json\/wp\/v2\/media?parent=43323"}],"wp:term":[{"taxonomy":"category","embeddable":true,"href":"https:\/\/noticiasveracruz.com\/index.php\/wp-json\/wp\/v2\/categories?post=43323"},{"taxonomy":"post_tag","embeddable":true,"href":"https:\/\/noticiasveracruz.com\/index.php\/wp-json\/wp\/v2\/tags?post=43323"}],"curies":[{"name":"wp","href":"https:\/\/api.w.org\/{rel}","templated":true}]}}