{"id":4324,"date":"2022-05-14T17:03:54","date_gmt":"2022-05-14T22:03:54","guid":{"rendered":"https:\/\/noticiasveracruz.com\/?p=4324"},"modified":"2022-05-14T17:07:18","modified_gmt":"2022-05-14T22:07:18","slug":"en-veracruz-pide-presidente-sumar-esfuerzos-enfrente-la-inflacion","status":"publish","type":"post","link":"https:\/\/noticiasveracruz.com\/index.php\/2022\/05\/14\/en-veracruz-pide-presidente-sumar-esfuerzos-enfrente-la-inflacion\/","title":{"rendered":"En Veracruz pide presidente sumar esfuerzos enfrente a la inflaci\u00f3n"},"content":{"rendered":"<p class=\"p1\"><span style=\"font-size: 14pt;\"><em><strong>Boca del R\u00edo.<\/strong> <\/em>El presidente<strong> Andr\u00e9s Manuel L\u00f3pez Obrador<\/strong> encabez\u00f3 en <strong>Veracruz el segundo d\u00eda de la campa\u00f1a de producci\u00f3n para el autoconsumo,<\/strong> que tiene como<strong> objetivo impulsar aumentar el cultivo y cosecha de granos b\u00e1sicos a fin de frenar el aumento de precios del ma\u00edz, el frijol, la tortilla, el aceite, entre otros productos de la canasta b\u00e1sica.<\/strong><\/span><\/p>\n<p class=\"p1\"><strong><span style=\"font-size: 18pt;\">\u201cEl prop\u00f3sito de este encuentro es que sumemos esfuerzos, voluntades, para hacerle frente a un desaf\u00edo que se nos presenta: el de la inflaci\u00f3n\u201d, remarc\u00f3.<\/span><\/strong><\/p>\n<p><img loading=\"lazy\" decoding=\"async\" class=\"aligncenter wp-image-5308 size-large\" src=\"https:\/\/politicosaldesnudo.com.mx\/wp-content\/uploads\/2022\/05\/14-05-2022-Produccion-Veracruz-Foto-14-1024x682.jpeg\" alt=\"\" width=\"800\" height=\"533\" \/><\/p>\n<p>&nbsp;<\/p>\n<p class=\"p1\"><span style=\"font-size: 14pt;\">Explic\u00f3 que el<strong> mayor impacto de la inflaci\u00f3n en M\u00e9xico se registra en alimentos,<\/strong> por lo que la federaci\u00f3n est\u00e1 tomando medidas orientadas a reducir las afectaciones del fen\u00f3meno mundial en la econom\u00eda de las familias mexicanas, principalmente las de menos recursos.<\/span><\/p>\n<blockquote>\n<p class=\"p1\"><span style=\"font-size: 14pt;\">Luchar contra la inflaci\u00f3n es enfrentar a la pobreza, garantizar que el ingreso rinda m\u00e1s, fortalecer el poder de compra de nuestro pueblo\u201d, asever\u00f3.<\/span><\/p>\n<\/blockquote>\n<p class=\"p1\"><span style=\"font-size: 18pt;\"><strong>Por ejemplo, dijo el mandatario, se alcanz\u00f3 un acuerdo con las grandes empresas de alimentos para que no aumenten los precios de 24 productos de la canasta b\u00e1sica y las personas paguen lo justo por los mismos. <\/strong><\/span><\/p>\n<p class=\"p1\"><span style=\"font-size: 14pt;\">Otra medida es la eliminaci\u00f3n de aranceles, lo que permitir\u00e1 a pa\u00edses como <strong>Belice vender alimentos en M\u00e9xico.<\/strong><\/span><\/p>\n<blockquote>\n<p class=\"p1\"><span style=\"font-size: 14pt;\">Esto va a ayudar para que tengamos m\u00e1s oferta, no cerrar nuestra econom\u00eda sino abrir para que tengamos lo que se requiere y lo m\u00e1s importante en la estrategia es producir lo que consumimos. Si no producimos, siempre vamos a estar dependiendo del extranjero\u201d, enfatiz\u00f3.<\/span><\/p>\n<\/blockquote>\n<p class=\"p1\"><span style=\"font-size: 14pt;\">El presidente resalt\u00f3 la importancia de las y los productores del campo e indic\u00f3 que en el Gobierno de la Cuarta Transformaci\u00f3n se les apoyar\u00e1 m\u00e1s que nunca.<\/span><\/p>\n<p class=\"p1\"><strong><span style=\"font-size: 18pt;\">Resalt\u00f3 los resultados del programa de entrega de fertilizantes gratuitos, como el aumento al doble de la producci\u00f3n en Guerrero gracias a esos insumos y la ampliaci\u00f3n a Puebla, Tlaxcala, Oaxaca, Chiapas, Zacatecas y Nayarit. Anunci\u00f3 que tambi\u00e9n se aplicar\u00e1 en Veracruz.<\/span><\/strong><\/p>\n<p>&nbsp;<\/p>\n<p><img loading=\"lazy\" decoding=\"async\" class=\"aligncenter wp-image-5309 size-large\" src=\"https:\/\/politicosaldesnudo.com.mx\/wp-content\/uploads\/2022\/05\/14-05-2022-Produccion-Veracruz-Foto-19-1024x682.jpeg\" alt=\"\" width=\"800\" height=\"533\" \/><\/p>\n<p>&nbsp;<\/p>\n<p class=\"p1\"><span style=\"font-size: 14pt;\">El subsecretario de Inclusi\u00f3n Productiva y Desarrollo Rural de la Secretar\u00eda de Bienestar, Hugo Ra\u00fal Paul\u00edn Hern\u00e1ndez, detall\u00f3 que el objetivo de la jornada de producci\u00f3n en Veracruz refrenda el compromiso del gobierno federal con el campo mexicano y forma parte de las acciones del Plan contra la Inflaci\u00f3n y la Carest\u00eda que se present\u00f3 en d\u00edas pasados.<\/span><\/p>\n<p class=\"p1\"><span style=\"font-size: 14pt;\">Inform\u00f3 que los programas Sembrando Vida y Producci\u00f3n para el Bienestar tienen la encomienda de incrementar hasta 2 millones y medio de toneladas de ma\u00edz y 50 mil toneladas adicionales de frijol, con estas iniciativas del gobierno federal contar\u00e1n con asistencia t\u00e9cnica y apoyos directos para aumentar la actividad productiva del campo.<\/span><\/p>\n<p class=\"p1\"><span style=\"font-size: 18pt;\"><strong>Adem\u00e1s, se mantiene el compromiso de producir abonos org\u00e1nicos; un mill\u00f3n y medio de toneladas de fertilizantes s\u00f3lidos y 36 millones de fertilizantes l\u00edquidos.<\/strong><\/span><\/p>\n<p class=\"p1\"><span style=\"font-size: 14pt;\">A este encuentro asistieron 3 mil 200 t\u00e9cnicas y t\u00e9cnicos, agr\u00f3nomos y extensionistas de las secretar\u00edas de Bienestar, de Agricultura y Desarrollo Rural y de Medio Ambiente, as\u00ed como de instituciones estatales y nacionales.<\/span><\/p>\n<blockquote>\n<p class=\"p1\"><span style=\"font-size: 14pt;\">Hoy estamos rescatando el campo para que vuelva a ser productivo y brinde seguridad alimentaria a nuestro pa\u00eds. (\u2026) Mantengamos la organizaci\u00f3n comunitaria en las comunidades de aprendizaje campesino y en las escuelas campesinas para que desde abajo construyamos la soberan\u00eda alimentaria\u201d, expres\u00f3.<\/span><\/p>\n<\/blockquote>\n<p class=\"p1\">\n","protected":false},"excerpt":{"rendered":"<p>Boca del R\u00edo. El presidente Andr\u00e9s Manuel L\u00f3pez Obrador encabez\u00f3 en Veracruz el segundo d\u00eda de la campa\u00f1a de producci\u00f3n<\/p>\n","protected":false},"author":4,"featured_media":4325,"comment_status":"closed","ping_status":"closed","sticky":false,"template":"","format":"standard","meta":{"colormag_page_container_layout":"default_layout","colormag_page_sidebar_layout":"default_layout","_jetpack_memberships_contains_paid_content":false,"footnotes":"","jetpack_publicize_message":"","jetpack_publicize_feature_enabled":true,"jetpack_social_post_already_shared":false,"jetpack_social_options":{"image_generator_settings":{"template":"highway","default_image_id":0,"font":"","enabled":false},"version":2}},"categories":[4],"tags":[65,699,700,73],"class_list":["post-4324","post","type-post","status-publish","format-standard","has-post-thumbnail","hentry","category-nacional","tag-andres-manuel-lopez-obrador","tag-autoconsumo","tag-produccion","tag-veracruz"],"jetpack_publicize_connections":[],"jetpack_featured_media_url":"https:\/\/noticiasveracruz.com\/wp-content\/uploads\/2022\/05\/P-VERACRUZAMLO.png","jetpack_sharing_enabled":true,"publishpress_future_action":{"enabled":false,"date":"2026-05-05 21:29:43","action":"change-status","newStatus":"draft","terms":[],"taxonomy":"category","extraData":[]},"publishpress_future_workflow_manual_trigger":{"enabledWorkflows":[]},"_links":{"self":[{"href":"https:\/\/noticiasveracruz.com\/index.php\/wp-json\/wp\/v2\/posts\/4324","targetHints":{"allow":["GET"]}}],"collection":[{"href":"https:\/\/noticiasveracruz.com\/index.php\/wp-json\/wp\/v2\/posts"}],"about":[{"href":"https:\/\/noticiasveracruz.com\/index.php\/wp-json\/wp\/v2\/types\/post"}],"author":[{"embeddable":true,"href":"https:\/\/noticiasveracruz.com\/index.php\/wp-json\/wp\/v2\/users\/4"}],"replies":[{"embeddable":true,"href":"https:\/\/noticiasveracruz.com\/index.php\/wp-json\/wp\/v2\/comments?post=4324"}],"version-history":[{"count":0,"href":"https:\/\/noticiasveracruz.com\/index.php\/wp-json\/wp\/v2\/posts\/4324\/revisions"}],"wp:featuredmedia":[{"embeddable":true,"href":"https:\/\/noticiasveracruz.com\/index.php\/wp-json\/wp\/v2\/media\/4325"}],"wp:attachment":[{"href":"https:\/\/noticiasveracruz.com\/index.php\/wp-json\/wp\/v2\/media?parent=4324"}],"wp:term":[{"taxonomy":"category","embeddable":true,"href":"https:\/\/noticiasveracruz.com\/index.php\/wp-json\/wp\/v2\/categories?post=4324"},{"taxonomy":"post_tag","embeddable":true,"href":"https:\/\/noticiasveracruz.com\/index.php\/wp-json\/wp\/v2\/tags?post=4324"}],"curies":[{"name":"wp","href":"https:\/\/api.w.org\/{rel}","templated":true}]}}