{"id":43192,"date":"2024-11-01T07:20:32","date_gmt":"2024-11-01T13:20:32","guid":{"rendered":"https:\/\/noticiasveracruz.com\/?p=43192"},"modified":"2024-11-01T07:20:32","modified_gmt":"2024-11-01T13:20:32","slug":"con-gran-exito-se-llevo-a-cabo-el-concurso-de-malinches-y-altares-en-el-marco-del-festival-de-dia-de-muertos-en-tuxpan","status":"publish","type":"post","link":"https:\/\/noticiasveracruz.com\/index.php\/2024\/11\/01\/con-gran-exito-se-llevo-a-cabo-el-concurso-de-malinches-y-altares-en-el-marco-del-festival-de-dia-de-muertos-en-tuxpan\/","title":{"rendered":"Con gran \u00e9xito se llev\u00f3 a cabo el Concurso de Malinches y Altares, en el marco del Festival de D\u00eda de Muertos, en Tuxpan"},"content":{"rendered":"<p><img loading=\"lazy\" decoding=\"async\" class=\"alignnone size-medium wp-image-43193\" src=\"http:\/\/noticiasveracruz.com\/wp-content\/uploads\/2024\/11\/efed4024-5f56-49db-896d-bbd395ed0f67-300x200.jpg\" alt=\"\" width=\"300\" height=\"200\" srcset=\"https:\/\/noticiasveracruz.com\/wp-content\/uploads\/2024\/11\/efed4024-5f56-49db-896d-bbd395ed0f67-300x200.jpg 300w, https:\/\/noticiasveracruz.com\/wp-content\/uploads\/2024\/11\/efed4024-5f56-49db-896d-bbd395ed0f67-1024x681.jpg 1024w, https:\/\/noticiasveracruz.com\/wp-content\/uploads\/2024\/11\/efed4024-5f56-49db-896d-bbd395ed0f67-768x511.jpg 768w, https:\/\/noticiasveracruz.com\/wp-content\/uploads\/2024\/11\/efed4024-5f56-49db-896d-bbd395ed0f67-1536x1022.jpg 1536w, https:\/\/noticiasveracruz.com\/wp-content\/uploads\/2024\/11\/efed4024-5f56-49db-896d-bbd395ed0f67-2048x1362.jpg 2048w\" sizes=\"auto, (max-width: 300px) 100vw, 300px\" \/><\/p>\n<p><span style=\"font-size: 14pt;\">El talento y la creatividad inundaron la plaza c\u00edvica con el concurso de Altares y el concurso de Malinches, que se realizaron en el marco del Festival de D\u00eda de Muertos.<\/span><\/p>\n<p><span style=\"font-size: 14pt;\">En el concurso de altares participaron el Conalep 165 Jes\u00fas Reyes Heroles, la iglesia Cristo Rey, bachillerato Manuel C. Tello, UPAV, Pentatl\u00f3n y Agentes Municipales Unidos.<\/span><\/p>\n<p><span style=\"font-size: 14pt;\">El jurado calificador, integrado por la directora de Museos y Bibliotecas, Mar\u00eda de la Soledad Miquelajauregui Guzm\u00e1n, la Mtra. Nancy Perdomo, el Mtro. Jorge Mart\u00ednez Cruz y la Mtra. Imperia Buiti\u00e1n evaluaron la originalidad, la creatividad y los elementos utilizados en cada uno de los altares.<\/span><\/p>\n<p><span style=\"font-size: 14pt;\">Los ganadores de los tres primeros lugares, que se hicieron acreedores a premios en efectivo, fueron: 1er lugar, escuela Manuel C. Tello, que obtuvo 10 mil pesos; 2\u00ba lugar, Pentatl\u00f3n, ganador de 8 mil pesos, y 3er lugar, la iglesia Cristo Rey, que fue premiada con 5 mil pesos.<\/span><\/p>\n<p><span style=\"font-size: 14pt;\">Por otra parte, en la categor\u00eda infantil del Concurso de Malinches resultaron triunfadores en primer lugar, Pa\u00edses Bajos km 8 (3 mil pesos); en segundo lugar, la escuela primaria Ford 192 de Santiago de la Pe\u00f1a (2 mil pesos) y en tercer lugar los representantes de la comunidad Aire Libre km 15 (Mil pesos).<\/span><\/p>\n<p><span style=\"font-size: 14pt;\">La premiaci\u00f3n estuvo a cargo de la regidora sexta, Lucero Res\u00e9ndis Ambrocio y el director de Cultura, Israel Luna Osorio.<\/span><\/p>\n<p><span style=\"font-size: 14pt;\">En la categor\u00eda \u201cLibre\u201d los primeros tres sitios los obtuvieron: 1er lugar la colonia Murillo Vidal (12 mil pesos), 2\u00ba lugar la comunidad Pa\u00edses Bajos km 8 (10 mil pesos) y en 3er lugar Laja del Tubo (5 mil pesos). Tambi\u00e9n se present\u00f3 con mucho \u00e9xito la malinche de La Esperanza km 12.<\/span><\/p>\n<p><span style=\"font-size: 14pt;\">Los jueces de este certamen fueron el Mtro. Jos\u00e9 Filadelio Cort\u00e9s Francisco, la Mtra. Nancy Perdomo, la Mtra. Imperia Buiti\u00e1n Santiago y el Mtro. El\u00edas Buiti\u00e1n, quienes tomaron en cuenta el vestuario, la coordinaci\u00f3n, verser\u00eda y originalidad de cada agrupaci\u00f3n.<\/span><\/p>\n<p><span style=\"font-size: 14pt;\">El gobierno de Tuxpan invita a la ciudadan\u00eda al Festival de D\u00eda de Muertos y Xantolo, que se llevar\u00e1 a cabo en plaza c\u00edvica este viernes 1\u00ba de noviembre a las 20:00 horas.<\/span><\/p>\n","protected":false},"excerpt":{"rendered":"<p>El talento y la creatividad inundaron la plaza c\u00edvica con el concurso de Altares y el concurso de Malinches, que<\/p>\n","protected":false},"author":4,"featured_media":43194,"comment_status":"closed","ping_status":"closed","sticky":false,"template":"","format":"standard","meta":{"colormag_page_container_layout":"default_layout","colormag_page_sidebar_layout":"default_layout","_jetpack_memberships_contains_paid_content":false,"footnotes":"","jetpack_publicize_message":"","jetpack_publicize_feature_enabled":true,"jetpack_social_post_already_shared":true,"jetpack_social_options":{"image_generator_settings":{"template":"highway","default_image_id":0,"font":"","enabled":false},"version":2}},"categories":[3372,356],"tags":[],"class_list":["post-43192","post","type-post","status-publish","format-standard","has-post-thumbnail","hentry","category-gobierno-tuxpan","category-veracruz"],"jetpack_publicize_connections":[],"jetpack_featured_media_url":"https:\/\/noticiasveracruz.com\/wp-content\/uploads\/2024\/11\/fa02b4ad-07b7-4f25-bd84-6eb4c674e03a-scaled.jpg","jetpack_sharing_enabled":true,"publishpress_future_action":{"enabled":false,"date":"2026-05-08 12:54:05","action":"change-status","newStatus":"draft","terms":[],"taxonomy":"category","extraData":[]},"publishpress_future_workflow_manual_trigger":{"enabledWorkflows":[]},"_links":{"self":[{"href":"https:\/\/noticiasveracruz.com\/index.php\/wp-json\/wp\/v2\/posts\/43192","targetHints":{"allow":["GET"]}}],"collection":[{"href":"https:\/\/noticiasveracruz.com\/index.php\/wp-json\/wp\/v2\/posts"}],"about":[{"href":"https:\/\/noticiasveracruz.com\/index.php\/wp-json\/wp\/v2\/types\/post"}],"author":[{"embeddable":true,"href":"https:\/\/noticiasveracruz.com\/index.php\/wp-json\/wp\/v2\/users\/4"}],"replies":[{"embeddable":true,"href":"https:\/\/noticiasveracruz.com\/index.php\/wp-json\/wp\/v2\/comments?post=43192"}],"version-history":[{"count":0,"href":"https:\/\/noticiasveracruz.com\/index.php\/wp-json\/wp\/v2\/posts\/43192\/revisions"}],"wp:featuredmedia":[{"embeddable":true,"href":"https:\/\/noticiasveracruz.com\/index.php\/wp-json\/wp\/v2\/media\/43194"}],"wp:attachment":[{"href":"https:\/\/noticiasveracruz.com\/index.php\/wp-json\/wp\/v2\/media?parent=43192"}],"wp:term":[{"taxonomy":"category","embeddable":true,"href":"https:\/\/noticiasveracruz.com\/index.php\/wp-json\/wp\/v2\/categories?post=43192"},{"taxonomy":"post_tag","embeddable":true,"href":"https:\/\/noticiasveracruz.com\/index.php\/wp-json\/wp\/v2\/tags?post=43192"}],"curies":[{"name":"wp","href":"https:\/\/api.w.org\/{rel}","templated":true}]}}