{"id":43002,"date":"2024-10-30T00:02:09","date_gmt":"2024-10-30T06:02:09","guid":{"rendered":"https:\/\/noticiasveracruz.com\/?p=43002"},"modified":"2024-10-29T17:34:00","modified_gmt":"2024-10-29T23:34:00","slug":"escuelas-promueven-las-tradiciones","status":"publish","type":"post","link":"https:\/\/noticiasveracruz.com\/index.php\/2024\/10\/30\/escuelas-promueven-las-tradiciones\/","title":{"rendered":"Escuelas promueven las Tradiciones"},"content":{"rendered":"<p><span style=\"font-size: 14pt;\">Instituciones educativas buscan preservar las tradiciones mexicanas, inculcando a las nuevas generaciones la importancia de cada una de ellas y su significado, por lo que participan en la elaboraci\u00f3n de altares para las ofrendas de d\u00eda de muertos, inform\u00f3 el delegado de la SEV On\u00e9simo P\u00e9rez Ramos.<\/span><\/p>\n<p><span style=\"font-size: 14pt;\">El funcionario se\u00f1al\u00f3 que habr\u00e1 distintas participaciones, algunos har\u00e1n concursos internos y otros estar\u00e1n participando en los concursos que las autoridades ponen en marcha.<\/span><\/p>\n<p><span style=\"font-size: 14pt;\">Indic\u00f3 que no hay suspensi\u00f3n de clases, pero dentro de la Nueva Escuela Mexicana, el programa marca el impulso de las tradiciones, usos y costumbres, por lo que los alumnos se los diversos niveles educativos, se sumergir\u00e1n en una serie de actividades que honrar\u00e1n esta ancestral celebraci\u00f3n mexicana.<\/span><\/p>\n<p><span style=\"font-size: 14pt;\">Lo anterior, con el objetivo de preservar las tradiciones y fomentar el arraigo cultural, los planteles estar\u00e1n organizando diversas actividades que cautivar\u00e1n a toda la comunidad escolar.<\/span><\/p>\n","protected":false},"excerpt":{"rendered":"<p>Instituciones educativas buscan preservar las tradiciones mexicanas, inculcando a las nuevas generaciones la importancia de cada una de ellas y<\/p>\n","protected":false},"author":4,"featured_media":43003,"comment_status":"closed","ping_status":"closed","sticky":false,"template":"","format":"standard","meta":{"colormag_page_container_layout":"default_layout","colormag_page_sidebar_layout":"default_layout","_jetpack_memberships_contains_paid_content":false,"footnotes":"","jetpack_publicize_message":"","jetpack_publicize_feature_enabled":true,"jetpack_social_post_already_shared":true,"jetpack_social_options":{"image_generator_settings":{"template":"highway","default_image_id":0,"font":"","enabled":false},"version":2}},"categories":[356],"tags":[],"class_list":["post-43002","post","type-post","status-publish","format-standard","has-post-thumbnail","hentry","category-veracruz"],"jetpack_publicize_connections":[],"jetpack_featured_media_url":"https:\/\/noticiasveracruz.com\/wp-content\/uploads\/2024\/10\/4b-5.jpg","jetpack_sharing_enabled":true,"publishpress_future_action":{"enabled":false,"date":"2026-05-10 03:43:59","action":"change-status","newStatus":"draft","terms":[],"taxonomy":"category","extraData":[]},"publishpress_future_workflow_manual_trigger":{"enabledWorkflows":[]},"_links":{"self":[{"href":"https:\/\/noticiasveracruz.com\/index.php\/wp-json\/wp\/v2\/posts\/43002","targetHints":{"allow":["GET"]}}],"collection":[{"href":"https:\/\/noticiasveracruz.com\/index.php\/wp-json\/wp\/v2\/posts"}],"about":[{"href":"https:\/\/noticiasveracruz.com\/index.php\/wp-json\/wp\/v2\/types\/post"}],"author":[{"embeddable":true,"href":"https:\/\/noticiasveracruz.com\/index.php\/wp-json\/wp\/v2\/users\/4"}],"replies":[{"embeddable":true,"href":"https:\/\/noticiasveracruz.com\/index.php\/wp-json\/wp\/v2\/comments?post=43002"}],"version-history":[{"count":0,"href":"https:\/\/noticiasveracruz.com\/index.php\/wp-json\/wp\/v2\/posts\/43002\/revisions"}],"wp:featuredmedia":[{"embeddable":true,"href":"https:\/\/noticiasveracruz.com\/index.php\/wp-json\/wp\/v2\/media\/43003"}],"wp:attachment":[{"href":"https:\/\/noticiasveracruz.com\/index.php\/wp-json\/wp\/v2\/media?parent=43002"}],"wp:term":[{"taxonomy":"category","embeddable":true,"href":"https:\/\/noticiasveracruz.com\/index.php\/wp-json\/wp\/v2\/categories?post=43002"},{"taxonomy":"post_tag","embeddable":true,"href":"https:\/\/noticiasveracruz.com\/index.php\/wp-json\/wp\/v2\/tags?post=43002"}],"curies":[{"name":"wp","href":"https:\/\/api.w.org\/{rel}","templated":true}]}}