{"id":42996,"date":"2024-10-30T00:00:11","date_gmt":"2024-10-30T06:00:11","guid":{"rendered":"https:\/\/noticiasveracruz.com\/?p=42996"},"modified":"2024-10-29T17:30:37","modified_gmt":"2024-10-29T23:30:37","slug":"un-exito-la-carrera-luky-forever","status":"publish","type":"post","link":"https:\/\/noticiasveracruz.com\/index.php\/2024\/10\/30\/un-exito-la-carrera-luky-forever\/","title":{"rendered":"Un \u00e9xito la Carrera Luky Forever"},"content":{"rendered":"<p><span style=\"font-size: 14pt;\">En un ambiente festivo y familiar se celebr\u00f3 la segunda edici\u00f3n de la Carrera Lucky Forever 5k, en honor al deportista Tuxpe\u00f1o; Lucino C\u00e9sar Villalobos Casados, en donde participaron m\u00e1s de 300 corredores de distintas ciudades de la Rep\u00fablica Mexicana y de manera simult\u00e1nea en otros pa\u00edses.<\/span><\/p>\n<p><span style=\"font-size: 14pt;\">Con esta carrera se incentiv\u00f3 la actividad f\u00edsica entre la poblaci\u00f3n recorriendo cinco kil\u00f3metros del boulevard porte\u00f1o, desde el puente Tuxpan hasta el parque Ribere\u00f1o, donde se dieron cita corredores profesionales y amateurs, entre mujeres y hombres de distintas edades, familias enteras, peque\u00f1os acompa\u00f1ando a sus padres y hasta mascotas corrieron por su propio objetivo.<\/span><\/p>\n<p><span style=\"font-size: 14pt;\">La Carrera Luky Forever 5k, es organizada por las entusiastas Rosy y Moni Villalobos Casados, junto con su mam\u00e1, familiares y amigos, en memoria de quien fuera un abogado fiscalista, oriundo de esta ciudad; Lucino C\u00e9sar Villalobos Casados, tambi\u00e9n deportista que llev\u00f3 en alto el nombre de Tuxpan en justas atl\u00e9ticas de talla internacional, participando en dos competencias de la dif\u00edcil prueba del Iron Man en Cozumel, Quintana Roo, y varios Fondos Ciclistas, pedaleando m\u00e1s de 200 kil\u00f3metros.<\/span><\/p>\n<p><span style=\"font-size: 14pt;\">Entre los ganadores de esta edici\u00f3n se encuentran en la Categor\u00eda Varonil<\/span><\/p>\n<p><span style=\"font-size: 14pt;\">\u00c1ngel Axel Malpica Hern\u00e1ndez, originario de Papantla, en Categor\u00eda femenil Betsi Reyes Dur\u00e1n de Puebla,<\/span><\/p>\n<p><span style=\"font-size: 14pt;\">en la categor\u00eda femenil juvenil de 15-18 a\u00f1os; Dayra S\u00e1nchez Hern\u00e1ndez de Papantla, Kassandra Janelle Moreno P\u00e9rez y Aranza Mart\u00ednez P\u00e9rez de Tuxpan.<\/span><\/p>\n<p><span style=\"font-size: 14pt;\">En la libre femenil de 19 a 39 a\u00f1os los ganadores fueron Rosaura Escobedo Gonz\u00e1lez de \u00c1lamo, Francisca Raquel Mu\u00f1oz Cruz de<\/span><\/p>\n<p><span style=\"font-size: 14pt;\">Tuxpan y Mar\u00eda Vianey Gabriel G\u00f3mez de Coatzintla, mientras que en la M\u00e1ster Femenil de 40-49 a\u00f1os, resultados ganadoras Liliana Cruz Vald\u00e9z del Estado de M\u00e9xico, Janeth Mej\u00eda Camargo de Pachuca y Gloria Hern\u00e1ndez Garc\u00eda de Poza Rica.<\/span><\/p>\n<p><span style=\"font-size: 14pt;\">En la m\u00e1ster femenil 50-59 a\u00f1os, ganaron Mar\u00eda Garc\u00eda Hern\u00e1ndez de Tecolutla, Juvencia L\u00f3pez Grande de<\/span><\/p>\n<p><span style=\"font-size: 14pt;\">Tula y Elizabeth Cruz Alejandre de Tuxpan, mientras que en Veteranas de 60 a\u00f1os y m\u00e1s, ganaron Ana Mar\u00eda Romero Hern\u00e1ndez de Tula, Esperanza \u00c1lvarez Salazar de Entabladero y Soledad Villegas Delgado de Poza Rica.<\/span><\/p>\n<p><span style=\"font-size: 14pt;\">En la categor\u00eda Varonil juvenil de 15 a 18 a\u00f1os, Francisco Miguel G\u00f3mez Saucedo de San Mart\u00edn Texmelucan, Ram\u00f3n Alejandro Flores Bautista de Poza Rica y Fernando Malpica Santes de Papantla, en la libre Varonil de 19 a 39 a\u00f1os el primer lugar fue para Iv\u00e1n Romano Hern\u00e1ndez de Poza Rica, el segundo para Emmanuel Silva de Tihuatl\u00e1n y tercer lugar para Alberto Mart\u00ednez Soto de Tuxpan.<\/span><\/p>\n<p><span style=\"font-size: 14pt;\">En M\u00e1ster Varonil de 40 a 49 a\u00f1os destacaron Ricardo Gonz\u00e1lez del Estado de M\u00e9xico, Abraham Noguez de Jilotepec y Jos\u00e9 Mart\u00ednez Barrag\u00e1n de Huauchinango, Puebla, as\u00ed como en la m\u00e1ster varonil de 50 a 59 a\u00f1os Carlos Agui\u00f1aga Landeros, Juan Carlos Polo Olmos y Santos Navarro Aguilar de Poza Rica, y en Veteranos de 60 a\u00f1os y m\u00e1s<\/span><\/p>\n<p><span style=\"font-size: 14pt;\">Jes\u00fas Vald\u00e9s de Cuajimalpa, Ciudad de M\u00e9xico, Benjam\u00edn Rodr\u00edguez Arellano de Zacatl\u00e1n, Puebla y Justino Vigueras Monroy de Hidalgo.<\/span><\/p>\n","protected":false},"excerpt":{"rendered":"<p>En un ambiente festivo y familiar se celebr\u00f3 la segunda edici\u00f3n de la Carrera Lucky Forever 5k, en honor al<\/p>\n","protected":false},"author":4,"featured_media":42997,"comment_status":"closed","ping_status":"closed","sticky":false,"template":"","format":"standard","meta":{"colormag_page_container_layout":"default_layout","colormag_page_sidebar_layout":"default_layout","_jetpack_memberships_contains_paid_content":false,"footnotes":"","jetpack_publicize_message":"","jetpack_publicize_feature_enabled":true,"jetpack_social_post_already_shared":true,"jetpack_social_options":{"image_generator_settings":{"template":"highway","default_image_id":0,"font":"","enabled":false},"version":2}},"categories":[356],"tags":[],"class_list":["post-42996","post","type-post","status-publish","format-standard","has-post-thumbnail","hentry","category-veracruz"],"jetpack_publicize_connections":[],"jetpack_featured_media_url":"https:\/\/noticiasveracruz.com\/wp-content\/uploads\/2024\/10\/5c-3.jpg","jetpack_sharing_enabled":true,"publishpress_future_action":{"enabled":false,"date":"2026-05-08 13:41:40","action":"change-status","newStatus":"draft","terms":[],"taxonomy":"category","extraData":[]},"publishpress_future_workflow_manual_trigger":{"enabledWorkflows":[]},"_links":{"self":[{"href":"https:\/\/noticiasveracruz.com\/index.php\/wp-json\/wp\/v2\/posts\/42996","targetHints":{"allow":["GET"]}}],"collection":[{"href":"https:\/\/noticiasveracruz.com\/index.php\/wp-json\/wp\/v2\/posts"}],"about":[{"href":"https:\/\/noticiasveracruz.com\/index.php\/wp-json\/wp\/v2\/types\/post"}],"author":[{"embeddable":true,"href":"https:\/\/noticiasveracruz.com\/index.php\/wp-json\/wp\/v2\/users\/4"}],"replies":[{"embeddable":true,"href":"https:\/\/noticiasveracruz.com\/index.php\/wp-json\/wp\/v2\/comments?post=42996"}],"version-history":[{"count":0,"href":"https:\/\/noticiasveracruz.com\/index.php\/wp-json\/wp\/v2\/posts\/42996\/revisions"}],"wp:featuredmedia":[{"embeddable":true,"href":"https:\/\/noticiasveracruz.com\/index.php\/wp-json\/wp\/v2\/media\/42997"}],"wp:attachment":[{"href":"https:\/\/noticiasveracruz.com\/index.php\/wp-json\/wp\/v2\/media?parent=42996"}],"wp:term":[{"taxonomy":"category","embeddable":true,"href":"https:\/\/noticiasveracruz.com\/index.php\/wp-json\/wp\/v2\/categories?post=42996"},{"taxonomy":"post_tag","embeddable":true,"href":"https:\/\/noticiasveracruz.com\/index.php\/wp-json\/wp\/v2\/tags?post=42996"}],"curies":[{"name":"wp","href":"https:\/\/api.w.org\/{rel}","templated":true}]}}