{"id":42986,"date":"2024-10-29T13:23:19","date_gmt":"2024-10-29T19:23:19","guid":{"rendered":"https:\/\/noticiasveracruz.com\/?p=42986"},"modified":"2024-10-29T13:23:19","modified_gmt":"2024-10-29T19:23:19","slug":"los-cementerios-de-tuxpan-estan-listos-para-recibir-visitantes-durante-la-celebracion-por-el-dia-de-muertos","status":"publish","type":"post","link":"https:\/\/noticiasveracruz.com\/index.php\/2024\/10\/29\/los-cementerios-de-tuxpan-estan-listos-para-recibir-visitantes-durante-la-celebracion-por-el-dia-de-muertos\/","title":{"rendered":"Los cementerios de Tuxpan est\u00e1n listos para recibir visitantes durante la celebraci\u00f3n por el D\u00eda de Muertos"},"content":{"rendered":"<p><img loading=\"lazy\" decoding=\"async\" class=\"alignnone size-medium wp-image-42987\" src=\"http:\/\/noticiasveracruz.com\/wp-content\/uploads\/2024\/10\/6ad570d8-f54a-4372-aa64-e2b0e7e14a3c-300x135.jpg\" alt=\"\" width=\"300\" height=\"135\" srcset=\"https:\/\/noticiasveracruz.com\/wp-content\/uploads\/2024\/10\/6ad570d8-f54a-4372-aa64-e2b0e7e14a3c-300x135.jpg 300w, https:\/\/noticiasveracruz.com\/wp-content\/uploads\/2024\/10\/6ad570d8-f54a-4372-aa64-e2b0e7e14a3c-1024x461.jpg 1024w, https:\/\/noticiasveracruz.com\/wp-content\/uploads\/2024\/10\/6ad570d8-f54a-4372-aa64-e2b0e7e14a3c-768x346.jpg 768w, https:\/\/noticiasveracruz.com\/wp-content\/uploads\/2024\/10\/6ad570d8-f54a-4372-aa64-e2b0e7e14a3c-1536x691.jpg 1536w, https:\/\/noticiasveracruz.com\/wp-content\/uploads\/2024\/10\/6ad570d8-f54a-4372-aa64-e2b0e7e14a3c.jpg 1600w\" sizes=\"auto, (max-width: 300px) 100vw, 300px\" \/> <img loading=\"lazy\" decoding=\"async\" class=\"alignnone size-medium wp-image-42988\" src=\"http:\/\/noticiasveracruz.com\/wp-content\/uploads\/2024\/10\/c5238ace-f080-4d8d-a9bc-a28ba080af1d-300x135.jpg\" alt=\"\" width=\"300\" height=\"135\" srcset=\"https:\/\/noticiasveracruz.com\/wp-content\/uploads\/2024\/10\/c5238ace-f080-4d8d-a9bc-a28ba080af1d-300x135.jpg 300w, https:\/\/noticiasveracruz.com\/wp-content\/uploads\/2024\/10\/c5238ace-f080-4d8d-a9bc-a28ba080af1d-1024x461.jpg 1024w, https:\/\/noticiasveracruz.com\/wp-content\/uploads\/2024\/10\/c5238ace-f080-4d8d-a9bc-a28ba080af1d-768x346.jpg 768w, https:\/\/noticiasveracruz.com\/wp-content\/uploads\/2024\/10\/c5238ace-f080-4d8d-a9bc-a28ba080af1d-1536x691.jpg 1536w, https:\/\/noticiasveracruz.com\/wp-content\/uploads\/2024\/10\/c5238ace-f080-4d8d-a9bc-a28ba080af1d.jpg 1600w\" sizes=\"auto, (max-width: 300px) 100vw, 300px\" \/><\/p>\n<p><span style=\"font-size: 14pt;\">Cuadrillas de la Direcci\u00f3n de Servicios P\u00fablicos Municipales realizaron la limpieza interior y exterior, y el deshierbe y fumigaci\u00f3n de los panteones.<\/span><\/p>\n<p><span style=\"font-size: 14pt;\">El 1 y 2 de noviembre los panteones Jard\u00edn y Galeana, as\u00ed como el ubicado en Santiago de la Pe\u00f1a estar\u00e1n abiertos en los siguientes horarios:<\/span><\/p>\n<p><span style=\"font-size: 14pt;\">Viernes 1 de noviembre de 8:00 a 18:00 horas y el s\u00e1bado 2 de noviembre de 6:00 de la ma\u00f1ana hasta que el \u00faltimo visitante se vaya.<\/span><\/p>\n<p><span style=\"font-size: 14pt;\">As\u00ed mismo, el s\u00e1bado 2 de noviembre a las 10:00 a.m. el obispo Roberto Madrigal oficiar\u00e1 una misa a los fieles difuntos en el Pante\u00f3n Jard\u00edn, posteriormente iniciar\u00e1 el programa cultural \u201cFestival de D\u00eda de Muertos\u201d.<\/span><\/p>\n<p><span style=\"font-size: 14pt;\">Es importante mencionar que, con la colaboraci\u00f3n de la Secretar\u00eda de Seguridad P\u00fablica Municipal, la Direcci\u00f3n de Tr\u00e1nsito y sector Salud entre otras dependencias m\u00e1s del gobierno de Tuxpan, durante ambos d\u00edas se implementar\u00e1 un operativo de vigilancia en cada pante\u00f3n.<\/span><\/p>\n","protected":false},"excerpt":{"rendered":"<p>Cuadrillas de la Direcci\u00f3n de Servicios P\u00fablicos Municipales realizaron la limpieza interior y exterior, y el deshierbe y fumigaci\u00f3n de<\/p>\n","protected":false},"author":4,"featured_media":42989,"comment_status":"closed","ping_status":"closed","sticky":false,"template":"","format":"standard","meta":{"colormag_page_container_layout":"default_layout","colormag_page_sidebar_layout":"default_layout","_jetpack_memberships_contains_paid_content":false,"footnotes":"","jetpack_publicize_message":"","jetpack_publicize_feature_enabled":true,"jetpack_social_post_already_shared":true,"jetpack_social_options":{"image_generator_settings":{"template":"highway","default_image_id":0,"font":"","enabled":false},"version":2}},"categories":[3372,356],"tags":[],"class_list":["post-42986","post","type-post","status-publish","format-standard","has-post-thumbnail","hentry","category-gobierno-tuxpan","category-veracruz"],"jetpack_publicize_connections":[],"jetpack_featured_media_url":"https:\/\/noticiasveracruz.com\/wp-content\/uploads\/2024\/10\/d3bde2b1-ad12-46dc-8934-fa54e7d31d7c.jpg","jetpack_sharing_enabled":true,"publishpress_future_action":{"enabled":false,"date":"2026-05-08 12:54:06","action":"change-status","newStatus":"draft","terms":[],"taxonomy":"category","extraData":[]},"publishpress_future_workflow_manual_trigger":{"enabledWorkflows":[]},"_links":{"self":[{"href":"https:\/\/noticiasveracruz.com\/index.php\/wp-json\/wp\/v2\/posts\/42986","targetHints":{"allow":["GET"]}}],"collection":[{"href":"https:\/\/noticiasveracruz.com\/index.php\/wp-json\/wp\/v2\/posts"}],"about":[{"href":"https:\/\/noticiasveracruz.com\/index.php\/wp-json\/wp\/v2\/types\/post"}],"author":[{"embeddable":true,"href":"https:\/\/noticiasveracruz.com\/index.php\/wp-json\/wp\/v2\/users\/4"}],"replies":[{"embeddable":true,"href":"https:\/\/noticiasveracruz.com\/index.php\/wp-json\/wp\/v2\/comments?post=42986"}],"version-history":[{"count":0,"href":"https:\/\/noticiasveracruz.com\/index.php\/wp-json\/wp\/v2\/posts\/42986\/revisions"}],"wp:featuredmedia":[{"embeddable":true,"href":"https:\/\/noticiasveracruz.com\/index.php\/wp-json\/wp\/v2\/media\/42989"}],"wp:attachment":[{"href":"https:\/\/noticiasveracruz.com\/index.php\/wp-json\/wp\/v2\/media?parent=42986"}],"wp:term":[{"taxonomy":"category","embeddable":true,"href":"https:\/\/noticiasveracruz.com\/index.php\/wp-json\/wp\/v2\/categories?post=42986"},{"taxonomy":"post_tag","embeddable":true,"href":"https:\/\/noticiasveracruz.com\/index.php\/wp-json\/wp\/v2\/tags?post=42986"}],"curies":[{"name":"wp","href":"https:\/\/api.w.org\/{rel}","templated":true}]}}